{"id":5823,"date":"2022-05-04T10:29:16","date_gmt":"2022-05-04T10:29:16","guid":{"rendered":"http:\/\/www.foodmagazine.ma\/?p=5823"},"modified":"2022-05-04T10:29:17","modified_gmt":"2022-05-04T10:29:17","slug":"dawajine-fera-son-retour-en-octobre-2022","status":"publish","type":"post","link":"https:\/\/www.foodmagazine.ma\/?p=5823","title":{"rendered":"Dawajine fera son retour en octobre 2022"},"content":{"rendered":"\n<figure class=\"wp-block-image size-large\"><img loading=\"lazy\" decoding=\"async\" width=\"1000\" height=\"577\" src=\"https:\/\/www.foodmagazine.ma\/wp-content\/uploads\/2022\/05\/Dawajine-2019.jpg\" alt=\"\" class=\"wp-image-5824\" srcset=\"https:\/\/www.foodmagazine.ma\/wp-content\/uploads\/2022\/05\/Dawajine-2019.jpg 1000w, https:\/\/www.foodmagazine.ma\/wp-content\/uploads\/2022\/05\/Dawajine-2019-300x173.jpg 300w, https:\/\/www.foodmagazine.ma\/wp-content\/uploads\/2022\/05\/Dawajine-2019-768x443.jpg 768w\" sizes=\"auto, (max-width: 1000px) 100vw, 1000px\" \/><\/figure>\n\n\n\n<p>Du 25 au 27 octobre 2022 \u00e0 Casablanca : telles sont les dates retenues pour la 23\u00e8me \u00e9dition du salon Dawajine, salon avicole de r\u00e9f\u00e9rence de la r\u00e9gion Afrique du nord et de l\u2019ouest.<\/p>\n\n\n\n<p>Organis\u00e9 par la F\u00e9d\u00e9ration interprofessionnelle du secteur avicole au Maroc (FISA), ce salon a pour objectif d\u2019exposer en place une offre compl\u00e8te d\u2019\u00e9quipements, de fournisseurs d\u2019aliments, de poussins, de nouvelles technologies et de service, mais aussi de mettre en relation les professionnels du secteur avicole. Des exposants venus de diff\u00e9rents pays europ\u00e9ens, maghr\u00e9bins, africains, asiatiques et am\u00e9ricains seront pr\u00e9sents pour pr\u00e9senter leurs produits.<\/p>\n","protected":false},"excerpt":{"rendered":"<p>Du 25 au 27 octobre 2022 \u00e0 Casablanca : telles sont les dates retenues pour la 23\u00e8me \u00e9dition du salon Dawajine, salon avicole de r\u00e9f\u00e9rence de la r\u00e9gion Afrique du nord et de l\u2019ouest. Organis\u00e9 par la F\u00e9d\u00e9ration interprofessionnelle du secteur avicole au Maroc (FISA), ce salon a pour objectif d\u2019exposer en place une offre &hellip;<\/p>\n","protected":false},"author":1,"featured_media":5824,"comment_status":"open","ping_status":"closed","sticky":false,"template":"","format":"standard","meta":{"footnotes":""},"categories":[6,2],"tags":[],"class_list":["post-5823","post","type-post","status-publish","format-standard","has-post-thumbnail","","category-a-la-une","category-actus-maroc"],"aioseo_notices":[],"_links":{"self":[{"href":"https:\/\/www.foodmagazine.ma\/index.php?rest_route=\/wp\/v2\/posts\/5823","targetHints":{"allow":["GET"]}}],"collection":[{"href":"https:\/\/www.foodmagazine.ma\/index.php?rest_route=\/wp\/v2\/posts"}],"about":[{"href":"https:\/\/www.foodmagazine.ma\/index.php?rest_route=\/wp\/v2\/types\/post"}],"author":[{"embeddable":true,"href":"https:\/\/www.foodmagazine.ma\/index.php?rest_route=\/wp\/v2\/users\/1"}],"replies":[{"embeddable":true,"href":"https:\/\/www.foodmagazine.ma\/index.php?rest_route=%2Fwp%2Fv2%2Fcomments&post=5823"}],"version-history":[{"count":1,"href":"https:\/\/www.foodmagazine.ma\/index.php?rest_route=\/wp\/v2\/posts\/5823\/revisions"}],"predecessor-version":[{"id":5825,"href":"https:\/\/www.foodmagazine.ma\/index.php?rest_route=\/wp\/v2\/posts\/5823\/revisions\/5825"}],"wp:featuredmedia":[{"embeddable":true,"href":"https:\/\/www.foodmagazine.ma\/index.php?rest_route=\/wp\/v2\/media\/5824"}],"wp:attachment":[{"href":"https:\/\/www.foodmagazine.ma\/index.php?rest_route=%2Fwp%2Fv2%2Fmedia&parent=5823"}],"wp:term":[{"taxonomy":"category","embeddable":true,"href":"https:\/\/www.foodmagazine.ma\/index.php?rest_route=%2Fwp%2Fv2%2Fcategories&post=5823"},{"taxonomy":"post_tag","embeddable":true,"href":"https:\/\/www.foodmagazine.ma\/index.php?rest_route=%2Fwp%2Fv2%2Ftags&post=5823"}],"curies":[{"name":"wp","href":"https:\/\/api.w.org\/{rel}","templated":true}]}}