{"id":5848,"date":"2022-05-10T15:50:09","date_gmt":"2022-05-10T14:50:09","guid":{"rendered":"http:\/\/www.foodmagazine.ma\/?p=5848"},"modified":"2022-05-10T15:50:11","modified_gmt":"2022-05-10T14:50:11","slug":"dialogue-social-le-ministere-sengage-a-unifier-le-salaire-minimum-legal-agricole-avec-les-autres-secteurs-a-partir-de-septembre-2022","status":"publish","type":"post","link":"https:\/\/www.foodmagazine.ma\/?p=5848","title":{"rendered":"Dialogue social : le Minist\u00e8re s\u2019engage \u00e0 unifier le salaire minimum l\u00e9gal agricole avec les autres secteurs \u00e0 partir de septembre 2022"},"content":{"rendered":"\n<figure class=\"wp-block-image size-large\"><img loading=\"lazy\" decoding=\"async\" width=\"1000\" height=\"614\" src=\"https:\/\/www.foodmagazine.ma\/wp-content\/uploads\/2022\/05\/1D0A0406.jpg\" alt=\"\" class=\"wp-image-5849\" srcset=\"https:\/\/www.foodmagazine.ma\/wp-content\/uploads\/2022\/05\/1D0A0406.jpg 1000w, https:\/\/www.foodmagazine.ma\/wp-content\/uploads\/2022\/05\/1D0A0406-300x184.jpg 300w, https:\/\/www.foodmagazine.ma\/wp-content\/uploads\/2022\/05\/1D0A0406-768x472.jpg 768w\" sizes=\"auto, (max-width: 1000px) 100vw, 1000px\" \/><\/figure>\n\n\n\n<p>Suite \u00e0 la signature d&#8217;un accord de dialogue social historique entre le gouvernement, les syndicats, la Conf\u00e9d\u00e9ration g\u00e9n\u00e9rale des entreprises du Maroc (CGEM) et la Conf\u00e9d\u00e9ration marocaine de l&#8217;agriculture et du d\u00e9veloppement rural (Komadir), le Minist\u00e8re de l&#8217;agriculture f\u00e9licite les professionnels du secteur agricole, paysans et ouvriers agricoles, pour les r\u00e9sultats du dialogue et les avanc\u00e9es r\u00e9alis\u00e9es dans l&#8217;accord-cadre sur les salaires et les conditions de travail dans le secteur agricole.<\/p>\n\n\n\n<p>La principale mesure li\u00e9e au secteur agricole est l&#8217;unification du salaire minimum dans le secteur agricole, avec le salaire minimum dans les secteurs de l&#8217;industrie, du commerce et des professions lib\u00e9rales \u00e0 l&#8217;horizon 2028. Ceci sera mis en \u0153uvre progressivement avec une augmentation de 10% \u00e0 partir de septembre 2022. Dans ce cadre, la CGEM s&#8217;engage \u00e0 mettre en \u0153uvre l&#8217;augmentation de ce salaire dans le respect du calendrier convenu, \u00e0 poursuivre les efforts pour autoriser les salaires \u00e0 la Caisse nationale de s\u00e9curit\u00e9 sociale (CNSS), ainsi qu\u2019\u00e0 respecter des libert\u00e9s et droits syndicaux.<\/p>\n\n\n\n<p>Par ailleurs, le Minist\u00e8re travaille en partenariat avec les autres secteurs minist\u00e9riels concern\u00e9s dans tous les programmes, traitant ainsi l&#8217;am\u00e9lioration des conditions de travail de cette cat\u00e9gorie et de la jouissance de tous ses droits. Des commissions ont \u00e9t\u00e9 constitu\u00e9es pour \u00e9tudier les axes conclus avec la pr\u00e9paration du proc\u00e8s-verbal de l&#8217;accord sign\u00e9 le 30 avril dernier.<\/p>\n","protected":false},"excerpt":{"rendered":"<p>Suite \u00e0 la signature d&#8217;un accord de dialogue social historique entre le gouvernement, les syndicats, la Conf\u00e9d\u00e9ration g\u00e9n\u00e9rale des entreprises du Maroc (CGEM) et la Conf\u00e9d\u00e9ration marocaine de l&#8217;agriculture et du d\u00e9veloppement rural (Komadir), le Minist\u00e8re de l&#8217;agriculture f\u00e9licite les professionnels du secteur agricole, paysans et ouvriers agricoles, pour les r\u00e9sultats du dialogue et les &hellip;<\/p>\n","protected":false},"author":1,"featured_media":5849,"comment_status":"open","ping_status":"closed","sticky":false,"template":"","format":"standard","meta":{"footnotes":""},"categories":[6,2],"tags":[],"class_list":["post-5848","post","type-post","status-publish","format-standard","has-post-thumbnail","","category-a-la-une","category-actus-maroc"],"aioseo_notices":[],"_links":{"self":[{"href":"https:\/\/www.foodmagazine.ma\/index.php?rest_route=\/wp\/v2\/posts\/5848","targetHints":{"allow":["GET"]}}],"collection":[{"href":"https:\/\/www.foodmagazine.ma\/index.php?rest_route=\/wp\/v2\/posts"}],"about":[{"href":"https:\/\/www.foodmagazine.ma\/index.php?rest_route=\/wp\/v2\/types\/post"}],"author":[{"embeddable":true,"href":"https:\/\/www.foodmagazine.ma\/index.php?rest_route=\/wp\/v2\/users\/1"}],"replies":[{"embeddable":true,"href":"https:\/\/www.foodmagazine.ma\/index.php?rest_route=%2Fwp%2Fv2%2Fcomments&post=5848"}],"version-history":[{"count":1,"href":"https:\/\/www.foodmagazine.ma\/index.php?rest_route=\/wp\/v2\/posts\/5848\/revisions"}],"predecessor-version":[{"id":5850,"href":"https:\/\/www.foodmagazine.ma\/index.php?rest_route=\/wp\/v2\/posts\/5848\/revisions\/5850"}],"wp:featuredmedia":[{"embeddable":true,"href":"https:\/\/www.foodmagazine.ma\/index.php?rest_route=\/wp\/v2\/media\/5849"}],"wp:attachment":[{"href":"https:\/\/www.foodmagazine.ma\/index.php?rest_route=%2Fwp%2Fv2%2Fmedia&parent=5848"}],"wp:term":[{"taxonomy":"category","embeddable":true,"href":"https:\/\/www.foodmagazine.ma\/index.php?rest_route=%2Fwp%2Fv2%2Fcategories&post=5848"},{"taxonomy":"post_tag","embeddable":true,"href":"https:\/\/www.foodmagazine.ma\/index.php?rest_route=%2Fwp%2Fv2%2Ftags&post=5848"}],"curies":[{"name":"wp","href":"https:\/\/api.w.org\/{rel}","templated":true}]}}