{"id":5852,"date":"2022-05-10T15:56:01","date_gmt":"2022-05-10T14:56:01","guid":{"rendered":"http:\/\/www.foodmagazine.ma\/?p=5852"},"modified":"2022-05-10T17:00:49","modified_gmt":"2022-05-10T16:00:49","slug":"pole-logistique-lasmex-met-les-bouchees-doubles-pour-lamelioration-des-procedures-a-lexport","status":"publish","type":"post","link":"https:\/\/www.foodmagazine.ma\/?p=5852","title":{"rendered":"P\u00f4le logistique : l\u2019ASMEX met les bouch\u00e9es doubles pour l\u2019am\u00e9lioration des proc\u00e9dures \u00e0 l\u2019export"},"content":{"rendered":"\n<figure class=\"wp-block-image size-large\"><img loading=\"lazy\" decoding=\"async\" width=\"1000\" height=\"567\" src=\"https:\/\/www.foodmagazine.ma\/wp-content\/uploads\/2022\/05\/P\u00f4le-logistique-l\u2019ASMEX-met-les-bouch\u00e9es-doubles-pour-l\u2019am\u00e9lioration-des-proc\u00e9dures-\u00e0-l\u2019export.jpg\" alt=\"\" class=\"wp-image-5853\" srcset=\"https:\/\/www.foodmagazine.ma\/wp-content\/uploads\/2022\/05\/P\u00f4le-logistique-l\u2019ASMEX-met-les-bouch\u00e9es-doubles-pour-l\u2019am\u00e9lioration-des-proc\u00e9dures-\u00e0-l\u2019export.jpg 1000w, https:\/\/www.foodmagazine.ma\/wp-content\/uploads\/2022\/05\/P\u00f4le-logistique-l\u2019ASMEX-met-les-bouch\u00e9es-doubles-pour-l\u2019am\u00e9lioration-des-proc\u00e9dures-\u00e0-l\u2019export-300x170.jpg 300w, https:\/\/www.foodmagazine.ma\/wp-content\/uploads\/2022\/05\/P\u00f4le-logistique-l\u2019ASMEX-met-les-bouch\u00e9es-doubles-pour-l\u2019am\u00e9lioration-des-proc\u00e9dures-\u00e0-l\u2019export-768x435.jpg 768w\" sizes=\"auto, (max-width: 1000px) 100vw, 1000px\" \/><\/figure>\n\n\n\n<p>Le p\u00f4le logistique de l\u2019Association marocaine des exportateurs (ASMEX) s\u2019est r\u00e9uni le 27 avril dernier, en pr\u00e9sence des repr\u00e9sentants des diff\u00e9rents partenaires publics, afin de faire le bilan des activit\u00e9s et appui aux requ\u00eates des membres de l\u2019exercice 2021, per\u00e7u comme une v\u00e9ritable ann\u00e9e de relance \u00e9conomique dans un contexte post-Covid-19, et mettre en place la feuille de route pour 2022-2023.<\/p>\n\n\n\n<p>&nbsp;\u00ab <em>Nous sommes \u00e0 l\u2019\u00e9coute de nos membres pour \u00eatre en constante recherche d\u2019am\u00e9liorations, car in fine, notre but commun et d\u2019am\u00e9liorer la comp\u00e9titivit\u00e9 des produits marocains sur les march\u00e9s internationaux, et \u00e9tablir un plan d\u2019action efficace (\u2026). La logistique de transport est un facteur important dans le d\u00e9veloppement du produit \u00e0 l\u2019\u00e9chelle internationale, il faut que la logistique soit fluide et facile, pour encourager les soci\u00e9t\u00e9s exportatrices \u00e0 investir davantage et renforcer la r\u00e9putation du made in Morocco \u00e0 travers le monde<\/em> \u00bb, a d\u00e9clar\u00e9 M. Abdelaziz Mantrach, Vice-pr\u00e9sident de l\u2019ASMEX.<\/p>\n\n\n\n<p>\u00ab&nbsp;<em>P\u00f4le important dans la cha\u00eene d\u2019exportation, la logistique a certes connu plusieurs am\u00e9liorations notamment en termes de digitalisation et de facilitation des proc\u00e9dures \u00e0 l\u2019export depuis quelques ann\u00e9es, il n\u2019en reste pas moins que d\u2019autres pistes d\u2019am\u00e9lioration sont \u00e0 \u00e9tudier, en tenant compte des retours sur exp\u00e9rience des op\u00e9rateurs&nbsp;<\/em>\u00bb, affirme Abderrahim Oudghiri, Chef du bureau de service des proc\u00e9dures \u00e0 l\u2019administration des douanes dans son expos\u00e9. \u00c0 l\u2019image de l\u2019administration des douanes, les autres partenaires publics de l\u2019ASMEX se sont pr\u00eat\u00e9 au jeu. \u00c0 ce titre, la convention avec Royal Air Maroc a \u00e9t\u00e9 renouvel\u00e9e et les accords-cadres avec Tanger-Med, Portnet et l\u2019ANP ont \u00e9t\u00e9 reconfirm\u00e9s. \u00ab<em> Nous sommes ravis que tous nos partenaires publics accordent la priorit\u00e9 \u00e0 la facilitation des proc\u00e9dures \u00e0 l\u2019export afin de permettre aux produits marocains d\u2019acc\u00e9der plus facilement au march\u00e9 international et surtout d\u2019am\u00e9liorer leur comp\u00e9titivit\u00e9 <\/em>\u00bb, indique M. Mantrach.<\/p>\n","protected":false},"excerpt":{"rendered":"<p>Le p\u00f4le logistique de l\u2019Association marocaine des exportateurs (ASMEX) s\u2019est r\u00e9uni le 27 avril dernier, en pr\u00e9sence des repr\u00e9sentants des diff\u00e9rents partenaires publics, afin de faire le bilan des activit\u00e9s et appui aux requ\u00eates des membres de l\u2019exercice 2021, per\u00e7u comme une v\u00e9ritable ann\u00e9e de relance \u00e9conomique dans un contexte post-Covid-19, et mettre en place &hellip;<\/p>\n","protected":false},"author":1,"featured_media":5853,"comment_status":"open","ping_status":"closed","sticky":false,"template":"","format":"standard","meta":{"footnotes":""},"categories":[6,2],"tags":[],"class_list":["post-5852","post","type-post","status-publish","format-standard","has-post-thumbnail","","category-a-la-une","category-actus-maroc"],"aioseo_notices":[],"_links":{"self":[{"href":"https:\/\/www.foodmagazine.ma\/index.php?rest_route=\/wp\/v2\/posts\/5852","targetHints":{"allow":["GET"]}}],"collection":[{"href":"https:\/\/www.foodmagazine.ma\/index.php?rest_route=\/wp\/v2\/posts"}],"about":[{"href":"https:\/\/www.foodmagazine.ma\/index.php?rest_route=\/wp\/v2\/types\/post"}],"author":[{"embeddable":true,"href":"https:\/\/www.foodmagazine.ma\/index.php?rest_route=\/wp\/v2\/users\/1"}],"replies":[{"embeddable":true,"href":"https:\/\/www.foodmagazine.ma\/index.php?rest_route=%2Fwp%2Fv2%2Fcomments&post=5852"}],"version-history":[{"count":2,"href":"https:\/\/www.foodmagazine.ma\/index.php?rest_route=\/wp\/v2\/posts\/5852\/revisions"}],"predecessor-version":[{"id":5860,"href":"https:\/\/www.foodmagazine.ma\/index.php?rest_route=\/wp\/v2\/posts\/5852\/revisions\/5860"}],"wp:featuredmedia":[{"embeddable":true,"href":"https:\/\/www.foodmagazine.ma\/index.php?rest_route=\/wp\/v2\/media\/5853"}],"wp:attachment":[{"href":"https:\/\/www.foodmagazine.ma\/index.php?rest_route=%2Fwp%2Fv2%2Fmedia&parent=5852"}],"wp:term":[{"taxonomy":"category","embeddable":true,"href":"https:\/\/www.foodmagazine.ma\/index.php?rest_route=%2Fwp%2Fv2%2Fcategories&post=5852"},{"taxonomy":"post_tag","embeddable":true,"href":"https:\/\/www.foodmagazine.ma\/index.php?rest_route=%2Fwp%2Fv2%2Ftags&post=5852"}],"curies":[{"name":"wp","href":"https:\/\/api.w.org\/{rel}","templated":true}]}}