{"id":5888,"date":"2022-05-17T11:59:57","date_gmt":"2022-05-17T10:59:57","guid":{"rendered":"http:\/\/www.foodmagazine.ma\/?p=5888"},"modified":"2022-05-17T11:59:59","modified_gmt":"2022-05-17T10:59:59","slug":"une-bonne-campagne-agricole-2022-malgre-le-recul-de-la-production-cerealiere","status":"publish","type":"post","link":"https:\/\/www.foodmagazine.ma\/?p=5888","title":{"rendered":"Une bonne campagne agricole 2022 malgr\u00e9 le recul de la production c\u00e9r\u00e9ali\u00e8re"},"content":{"rendered":"\n<figure class=\"wp-block-image size-large\"><img loading=\"lazy\" decoding=\"async\" width=\"1000\" height=\"660\" src=\"https:\/\/www.foodmagazine.ma\/wp-content\/uploads\/2022\/05\/Image-by-Carlos-Barengo-from-Pixabay.jpg\" alt=\"\" class=\"wp-image-5889\" srcset=\"https:\/\/www.foodmagazine.ma\/wp-content\/uploads\/2022\/05\/Image-by-Carlos-Barengo-from-Pixabay.jpg 1000w, https:\/\/www.foodmagazine.ma\/wp-content\/uploads\/2022\/05\/Image-by-Carlos-Barengo-from-Pixabay-300x198.jpg 300w, https:\/\/www.foodmagazine.ma\/wp-content\/uploads\/2022\/05\/Image-by-Carlos-Barengo-from-Pixabay-768x507.jpg 768w, https:\/\/www.foodmagazine.ma\/wp-content\/uploads\/2022\/05\/Image-by-Carlos-Barengo-from-Pixabay-310x205.jpg 310w\" sizes=\"auto, (max-width: 1000px) 100vw, 1000px\" \/><figcaption><em>\u00a9 Carlos Barengo &#8211; Pixabay<\/em><\/figcaption><\/figure>\n\n\n\n<p>Le minist\u00e8re de l\u2019Agriculture, de la p\u00eache maritime, du d\u00e9veloppement rural et des eaux et for\u00eats (MAPMDREF), vient de publier les chiffres de la production pr\u00e9visionnelle de la campagne agricole 2021\/2022.<\/p>\n\n\n\n<p>Avec une pluviom\u00e9trie qui a atteint 188 mm \u00e0 fin avril 2022, soit une baisse de 35% par rapport \u00e0 la campagne pr\u00e9c\u00e9dente (289 mm) \u00e0 la m\u00eame date, et du fait de la mauvaise r\u00e9partition territoriale et temporelle des pr\u00e9cipitations, un stress a \u00e9t\u00e9 engendr\u00e9 provoquant une baisse des baisses des rendements plus ou moins importante selon les r\u00e9gions, allant jusqu\u2019\u00e0 la perte des superficies dans certaines zones.<\/p>\n\n\n\n<p>De ce fait, le MAPMDREF indique que la production pr\u00e9visionnelle des c\u00e9r\u00e9ales principales (bl\u00e9 tendre, bl\u00e9 dur et orge) au titre de la campagne agricole 2021\/2022 est estim\u00e9e \u00e0 32 millions de quintaux, soit une baisse de 69% par rapport \u00e0 la campagne pr\u00e9c\u00e9dente. Cette production r\u00e9sulte d\u2019une superficie c\u00e9r\u00e9ali\u00e8re sem\u00e9e au titre de cette campagne de 3,6 millions d\u2019hectares pour les 3 esp\u00e8ces de c\u00e9r\u00e9ales, provenant principalement des zones favorables des r\u00e9gions de F\u00e8s-Mekn\u00e8s et de Rabat-Sal\u00e9-K\u00e9nitra (60 % de la production).<\/p>\n\n\n\n<p>Suite aux r\u00e9centes pr\u00e9cipitations qu\u2019a connues le Royaume depuis de le d\u00e9but du mois de mars, qui ont contribu\u00e9 au r\u00e9tablissement du couvert v\u00e9g\u00e9tal \u00e0 niveau normal, les autres cultures affichent un \u00e9tat favorable. Ainsi, il est pr\u00e9vu que la betterave \u00e0 sucre, dont la r\u00e9colte vient de d\u00e9marrer dans plusieurs r\u00e9gions, enregistre de bonnes performances de rendement. Pour ce qui des agrumes, des oliviers et des rosac\u00e9es en stade de floraison, le MAPMDREF annonce de bonnes perspectives de production, bien qu\u2019elles restent tributaires de l\u2019\u00e9volution des conditions m\u00e9t\u00e9orologiques, particuli\u00e8rement les temp\u00e9ratures du mois de mai et juin.<\/p>\n\n\n\n<p>Pour ce qui est du secteur de l\u2019\u00e9levage, il s\u2019est nettement redress\u00e9 gr\u00e2ce \u00e0 l\u2019appui apport\u00e9 aux \u00e9leveurs par le programme exceptionnel de r\u00e9duction de l\u2019impact du d\u00e9ficit pluviom\u00e9trique, et l\u2019am\u00e9lioration des parcours et des ressources fourrag\u00e8res de la saison printani\u00e8re.<\/p>\n\n\n\n<p>En dernier lieu, le MAPMDREF indique que les bonnes pr\u00e9visions des performances des cultures de printemps et des fili\u00e8res olives, agrumes et cultures maraich\u00e8res, conjugu\u00e9es aux mesures de soutien apport\u00e9 aux \u00e9leveurs, contribueront \u00e0 combler en partie les effets de la baisse de la production des c\u00e9r\u00e9ales d\u2019automne, permettant ainsi de limiter l\u2019impact du d\u00e9ficit hydrique sur la croissance du secteur agricole.<\/p>\n","protected":false},"excerpt":{"rendered":"<p>\u00a9 Carlos Barengo &#8211; Pixabay Le minist\u00e8re de l\u2019Agriculture, de la p\u00eache maritime, du d\u00e9veloppement rural et des eaux et for\u00eats (MAPMDREF), vient de publier les chiffres de la production pr\u00e9visionnelle de la campagne agricole 2021\/2022. Avec une pluviom\u00e9trie qui a atteint 188 mm \u00e0 fin avril 2022, soit une baisse de 35% par rapport &hellip;<\/p>\n","protected":false},"author":1,"featured_media":5889,"comment_status":"open","ping_status":"closed","sticky":false,"template":"","format":"standard","meta":{"footnotes":""},"categories":[6,2],"tags":[],"class_list":["post-5888","post","type-post","status-publish","format-standard","has-post-thumbnail","","category-a-la-une","category-actus-maroc"],"aioseo_notices":[],"_links":{"self":[{"href":"https:\/\/www.foodmagazine.ma\/index.php?rest_route=\/wp\/v2\/posts\/5888","targetHints":{"allow":["GET"]}}],"collection":[{"href":"https:\/\/www.foodmagazine.ma\/index.php?rest_route=\/wp\/v2\/posts"}],"about":[{"href":"https:\/\/www.foodmagazine.ma\/index.php?rest_route=\/wp\/v2\/types\/post"}],"author":[{"embeddable":true,"href":"https:\/\/www.foodmagazine.ma\/index.php?rest_route=\/wp\/v2\/users\/1"}],"replies":[{"embeddable":true,"href":"https:\/\/www.foodmagazine.ma\/index.php?rest_route=%2Fwp%2Fv2%2Fcomments&post=5888"}],"version-history":[{"count":1,"href":"https:\/\/www.foodmagazine.ma\/index.php?rest_route=\/wp\/v2\/posts\/5888\/revisions"}],"predecessor-version":[{"id":5890,"href":"https:\/\/www.foodmagazine.ma\/index.php?rest_route=\/wp\/v2\/posts\/5888\/revisions\/5890"}],"wp:featuredmedia":[{"embeddable":true,"href":"https:\/\/www.foodmagazine.ma\/index.php?rest_route=\/wp\/v2\/media\/5889"}],"wp:attachment":[{"href":"https:\/\/www.foodmagazine.ma\/index.php?rest_route=%2Fwp%2Fv2%2Fmedia&parent=5888"}],"wp:term":[{"taxonomy":"category","embeddable":true,"href":"https:\/\/www.foodmagazine.ma\/index.php?rest_route=%2Fwp%2Fv2%2Fcategories&post=5888"},{"taxonomy":"post_tag","embeddable":true,"href":"https:\/\/www.foodmagazine.ma\/index.php?rest_route=%2Fwp%2Fv2%2Ftags&post=5888"}],"curies":[{"name":"wp","href":"https:\/\/api.w.org\/{rel}","templated":true}]}}