{"id":5903,"date":"2022-05-17T17:16:33","date_gmt":"2022-05-17T16:16:33","guid":{"rendered":"http:\/\/www.foodmagazine.ma\/?p=5903"},"modified":"2022-05-31T12:19:30","modified_gmt":"2022-05-31T11:19:30","slug":"securite-alimentaire-food-risk-tient-sa-deuxieme-edition-en-juin-2022%ef%bf%bc","status":"publish","type":"post","link":"https:\/\/www.foodmagazine.ma\/?p=5903","title":{"rendered":"S\u00e9curit\u00e9 alimentaire : FOOD Risk tient sa deuxi\u00e8me \u00e9dition en juin 2022"},"content":{"rendered":"\n<figure class=\"wp-block-image size-full\"><img loading=\"lazy\" decoding=\"async\" width=\"1000\" height=\"524\" src=\"https:\/\/www.foodmagazine.ma\/wp-content\/uploads\/2022\/05\/FOOD-Risk-2022-visuel.jpg\" alt=\"\" class=\"wp-image-5904\" srcset=\"https:\/\/www.foodmagazine.ma\/wp-content\/uploads\/2022\/05\/FOOD-Risk-2022-visuel.jpg 1000w, https:\/\/www.foodmagazine.ma\/wp-content\/uploads\/2022\/05\/FOOD-Risk-2022-visuel-300x157.jpg 300w, https:\/\/www.foodmagazine.ma\/wp-content\/uploads\/2022\/05\/FOOD-Risk-2022-visuel-768x402.jpg 768w\" sizes=\"auto, (max-width: 1000px) 100vw, 1000px\" \/><\/figure>\n\n\n\n<p>Phytocontrol, groupe de laboratoires sp\u00e9cialistes de la s\u00e9curit\u00e9 sanitaire des aliments et de l\u2019environnement, annonce la tenue de la deuxi\u00e8me \u00e9dition de son colloque international FOOD Risk, \u00e0 N\u00eemes et en ligne, les 8 et 9 juin 2022.<\/p>\n\n\n\n<p>Apr\u00e8s un lancement en 2020, le groupe Phytocontrol et l\u2019Universit\u00e9 de N\u00eemes renouvellent l\u2019exercice. Face \u00e0 l\u2019importance prise aujourd\u2019hui par la s\u00e9curit\u00e9 alimentaire pour r\u00e9pondre aux exigences et pr\u00e9occupations environnementales des consommateurs qui impactent leur comportement, une nouvelle \u00e9dition du colloque FOOD Risk est apparue indispensable.<\/p>\n\n\n\n<p>\u00ab <em>Dans un contexte de changement climatique et de mondialisation, acteurs institutionnels, professionnels, associatifs, entrepreneurs, universitaires, chercheurs et startups du secteur de l<\/em><em>\u2019<\/em><em>agroalimentaire et de la grande distribution veulent se f\u00e9d\u00e9rer autour d<\/em><em>\u2019<\/em><em>un objectif : d\u00e9terminer les mesures et strat\u00e9gies permettant d<\/em><em>\u2019<\/em><em>affronter et de relever les d\u00e9fis actuels et futurs <\/em>\u00bb, commente Mika\u00ebl Bresson, pr\u00e9sident de Phytocontrol Group.<\/p>\n\n\n\n<p>Plus de 300 participants et 35 intervenants sont attendus pour assister aux 17 conf\u00e9rences et 2 tables-rondes programm\u00e9es. J\u00e9r\u00f4me Bonaldi, journaliste et chroniqueur de renom, animera \u00e0 nouveau ces 2 jours qui seront cette ann\u00e9e diffus\u00e9s et traduits en direct, offrant ainsi la possibilit\u00e9 \u00e0 un public plus large, international notamment, d\u2019y prendre part virtuellement. En effet, l\u2019accent est mis sur la dimension internationale du colloque qui se focalisera sur le th\u00e8me de la s\u00e9curit\u00e9 alimentaire et l\u2019authenticit\u00e9 au sein duquel s\u2019inscrivent les sujets connexes de la r\u00e9glementation, la tra\u00e7abilit\u00e9, l\u2019origine des produits et la digitalisation de l\u2019activit\u00e9.<\/p>\n\n\n\n<p>Ainsi, le 8 juin, la 1\u00e8re conf\u00e9rence abordera une probl\u00e9matique d\u2019actualit\u00e9, la crise de l\u2019oxyde d\u2019\u00e9thyl\u00e8ne. Sept autres se succ\u00e9deront dont quatre sur la s\u00e9curit\u00e9 alimentaire : le r\u00e9f\u00e9rentiel IFS Food, le plan de ma\u00eetrise, la r\u00e9activit\u00e9 du MALDI tof et enfin, l\u2019\u00e9valuation des risques combin\u00e9s mycotoxines-toxines v\u00e9g\u00e9tales. Deux panels seront d\u00e9di\u00e9s \u00e0 la fraude (les activit\u00e9s du centre de connaissances de la fraude et la qualit\u00e9 des denr\u00e9es alimentaires et analyse du risque fraude pour une PME). Une table-ronde sur l\u2019authenticit\u00e9 prendra \u00e9galement place. La journ\u00e9e se cl\u00f4turera par une pr\u00e9sentation de la ma\u00eetrise des risques li\u00e9s \u00e0 l\u2019identit\u00e9 botanique des substances actives v\u00e9g\u00e9tales.<\/p>\n\n\n\n<p>Le 9 juin, la s\u00e9curit\u00e9 alimentaire sera encore largement pr\u00e9sente avec la communication de crise, les pesticides et contaminants, la plateforme de surveillance de la cha\u00eene alimentaire et via un exemple d\u2019engagement, le FeL Partenariat.<\/p>\n\n\n\n<p>L\u2019authenticit\u00e9 sera aussi approch\u00e9e par les cas particuliers de la vanille et des \u00e9pices ainsi que par l\u2019analyse chirale. Enfin, une conf\u00e9rence traitera de l\u2019ADN pour lutter contre les fraudes sur les mati\u00e8res premi\u00e8res v\u00e9g\u00e9tales et une ultime table-ronde sera consacr\u00e9e \u00e0 la tra\u00e7abilit\u00e9 et la digitalisation.<\/p>\n\n\n\n<p>Pour tout renseignement, vous pouvez vous adresser \u00e0 <a href=\"mailto:info@foodrisk.eu\" target=\"_blank\" rel=\"noreferrer noopener\">info@foodrisk.eu<\/a>.<\/p>\n","protected":false},"excerpt":{"rendered":"<p>Phytocontrol, groupe de laboratoires sp\u00e9cialistes de la s\u00e9curit\u00e9 sanitaire des aliments et de l\u2019environnement, annonce la tenue de la deuxi\u00e8me \u00e9dition de son colloque international FOOD Risk, \u00e0 N\u00eemes et en ligne, les 8 et 9 juin 2022. Apr\u00e8s un lancement en 2020, le groupe Phytocontrol et l\u2019Universit\u00e9 de N\u00eemes renouvellent l\u2019exercice. Face \u00e0 l\u2019importance &hellip;<\/p>\n","protected":false},"author":1,"featured_media":5904,"comment_status":"open","ping_status":"closed","sticky":false,"template":"","format":"standard","meta":{"footnotes":""},"categories":[6,2],"tags":[],"class_list":["post-5903","post","type-post","status-publish","format-standard","has-post-thumbnail","","category-a-la-une","category-actus-maroc"],"aioseo_notices":[],"_links":{"self":[{"href":"https:\/\/www.foodmagazine.ma\/index.php?rest_route=\/wp\/v2\/posts\/5903","targetHints":{"allow":["GET"]}}],"collection":[{"href":"https:\/\/www.foodmagazine.ma\/index.php?rest_route=\/wp\/v2\/posts"}],"about":[{"href":"https:\/\/www.foodmagazine.ma\/index.php?rest_route=\/wp\/v2\/types\/post"}],"author":[{"embeddable":true,"href":"https:\/\/www.foodmagazine.ma\/index.php?rest_route=\/wp\/v2\/users\/1"}],"replies":[{"embeddable":true,"href":"https:\/\/www.foodmagazine.ma\/index.php?rest_route=%2Fwp%2Fv2%2Fcomments&post=5903"}],"version-history":[{"count":2,"href":"https:\/\/www.foodmagazine.ma\/index.php?rest_route=\/wp\/v2\/posts\/5903\/revisions"}],"predecessor-version":[{"id":5948,"href":"https:\/\/www.foodmagazine.ma\/index.php?rest_route=\/wp\/v2\/posts\/5903\/revisions\/5948"}],"wp:featuredmedia":[{"embeddable":true,"href":"https:\/\/www.foodmagazine.ma\/index.php?rest_route=\/wp\/v2\/media\/5904"}],"wp:attachment":[{"href":"https:\/\/www.foodmagazine.ma\/index.php?rest_route=%2Fwp%2Fv2%2Fmedia&parent=5903"}],"wp:term":[{"taxonomy":"category","embeddable":true,"href":"https:\/\/www.foodmagazine.ma\/index.php?rest_route=%2Fwp%2Fv2%2Fcategories&post=5903"},{"taxonomy":"post_tag","embeddable":true,"href":"https:\/\/www.foodmagazine.ma\/index.php?rest_route=%2Fwp%2Fv2%2Ftags&post=5903"}],"curies":[{"name":"wp","href":"https:\/\/api.w.org\/{rel}","templated":true}]}}