{"id":5981,"date":"2022-05-31T12:42:36","date_gmt":"2022-05-31T11:42:36","guid":{"rendered":"http:\/\/www.foodmagazine.ma\/?p=5981"},"modified":"2022-05-31T12:42:38","modified_gmt":"2022-05-31T11:42:38","slug":"oland-group-inauguration-de-4-nouvelles-lignes-de-production-de-fromage-fondu","status":"publish","type":"post","link":"https:\/\/www.foodmagazine.ma\/?p=5981","title":{"rendered":"Oland Group : inauguration de 4 nouvelles lignes de production de fromage fondu"},"content":{"rendered":"\n<figure class=\"wp-block-image size-full\"><img loading=\"lazy\" decoding=\"async\" width=\"1000\" height=\"562\" src=\"https:\/\/www.foodmagazine.ma\/wp-content\/uploads\/2022\/05\/IMG-20220524-WA0002.jpg\" alt=\"\" class=\"wp-image-5979\" srcset=\"https:\/\/www.foodmagazine.ma\/wp-content\/uploads\/2022\/05\/IMG-20220524-WA0002.jpg 1000w, https:\/\/www.foodmagazine.ma\/wp-content\/uploads\/2022\/05\/IMG-20220524-WA0002-300x169.jpg 300w, https:\/\/www.foodmagazine.ma\/wp-content\/uploads\/2022\/05\/IMG-20220524-WA0002-768x432.jpg 768w\" sizes=\"auto, (max-width: 1000px) 100vw, 1000px\" \/><figcaption><em>Le Ministre de l\u2019Industrie et du commerce, Ryad Mezzour, a officiellement inaugur\u00e9 les nouvelles lignes de production d\u2019Oland Group le 24 mai 2022.<\/em><\/figcaption><\/figure>\n\n\n\n<p>Le 24 mai 2022, en pr\u00e9sence d\u2019une d\u00e9l\u00e9gation officielle pr\u00e9sid\u00e9e par le Ministre de l\u2019Industrie et du commerce, Ryad Mezzour, Oland Group a inaugur\u00e9 officiellement ses 4 nouvelles lignes d\u00e9di\u00e9es \u00e0 la production du fromage fondu. Faisant suite \u00e0 une convention d\u2019investissement sign\u00e9e en f\u00e9vrier dernier avec l\u2019\u00c9tat, notamment avec le Minist\u00e8re de l\u2019\u00e9conomie et de finance, le Minist\u00e8re de l\u2019industrie et du commerce et l\u2019Agence nationale pour la promotion de la petite et moyenne entreprise (ANPME), Oland Group b\u00e9n\u00e9ficiera d\u2019une prime d\u2019investissement de l\u2019ordre de 15 millions de dirhams, suite \u00e0 un projet d\u2019investissement d\u2019une enveloppe globale de 80 millions de dirhams.<\/p>\n\n\n\n<p>\u00ab <em>Ce projet, que nous avons appuy\u00e9 dans le cadre du contrat-programme et de la Task Force souverainet\u00e9, est en parfaite coh\u00e9rence avec les objectif<\/em><em>s que s<\/em><em>\u2019<\/em><em>est fix\u00e9s le gouvernement, visant \u00e0 renforcer et \u00e0 dynamiser la fili<\/em><em>\u00e8<\/em><em>re laiti<\/em><em>\u00e8<\/em><em>re pour r\u00e9pondre aux besoins du march\u00e9 local et celui de l<\/em><em>\u2019<\/em><em>export. C<\/em><em>\u2019<\/em><em>est un secteur strat\u00e9gique et un maillon fort de l<\/em><em>\u2019<\/em><em>industrie agroalimentaire, dont le r\u00f4le primordial dans la souverainet\u00e9 alimentaire de notre pays est d\u00e9sormais attest\u00e9. Il devra, aujourd<\/em><em>\u2019<\/em><em>hui, se renforcer davantage. L<\/em><em>\u2019<\/em><em>augmentation de la capacit\u00e9 de production et la diversification des produits \u00e0 <\/em><em>forte int<\/em><em>\u00e9gration locale que permettra de g\u00e9n\u00e9rer ce nouvel investissement montrent \u00e0 quel point ce secteur a gagn\u00e9 <\/em><em>en comp<\/em><em>\u00e9<\/em><em>titivit<\/em><em>\u00e9. Cela augure d<\/em><em>\u2019<\/em><em>un avenir prometteur pour le \u00ab <\/em><em>made in Morocco \u00bb <\/em><em>dans ce secteur ! <\/em>\u00bb, a d\u00e9clar\u00e9 Ryad Mezzour.<\/p>\n\n\n\n<p>Ladite convention a permis \u00e0 Oland Group de poursuivre sa strat\u00e9gie de d\u00e9veloppement en mettant en place 4 nouvelles lignes d\u00e9di\u00e9es \u00e0 la production du fromage fondu en triangle, de cr\u00e9er de nouveaux emplois, de nouvelles marques 100% marocaines et d\u2019envisager le renforcement de sa strat\u00e9gie d\u2019exportation. \u00ab <em>Nous sommes ravis d<\/em><em>\u2019<\/em><em>avoir pu b\u00e9n\u00e9ficier du programme de l\u2019\u00c9tat d<\/em><em>\u2019<\/em><em>appui \u00e0 l<\/em><em>\u2019<\/em><em>investissement dans le secteur agroalimentaire, qui nous a permis de mettre en place 4 nouvelles lignes de productions, cr\u00e9er 151 emplois directs, 3 marques made in Morocco et envisager d<\/em><em>\u2019<\/em><em>exporter quelques 40 MDH \u00e0 l<\/em><em>\u2019<\/em><em>horizon 2024<\/em> \u00bb, a d\u00e9clar\u00e9 Marwane Anbaoui, pr\u00e9sident directeur g\u00e9n\u00e9ral d\u2019Oland Group.<\/p>\n","protected":false},"excerpt":{"rendered":"<p>Le Ministre de l\u2019Industrie et du commerce, Ryad Mezzour, a officiellement inaugur\u00e9 les nouvelles lignes de production d\u2019Oland Group le 24 mai 2022. Le 24 mai 2022, en pr\u00e9sence d\u2019une d\u00e9l\u00e9gation officielle pr\u00e9sid\u00e9e par le Ministre de l\u2019Industrie et du commerce, Ryad Mezzour, Oland Group a inaugur\u00e9 officiellement ses 4 nouvelles lignes d\u00e9di\u00e9es \u00e0 la &hellip;<\/p>\n","protected":false},"author":1,"featured_media":5979,"comment_status":"open","ping_status":"closed","sticky":false,"template":"","format":"standard","meta":{"footnotes":""},"categories":[6,2],"tags":[],"class_list":["post-5981","post","type-post","status-publish","format-standard","has-post-thumbnail","","category-a-la-une","category-actus-maroc"],"aioseo_notices":[],"_links":{"self":[{"href":"https:\/\/www.foodmagazine.ma\/index.php?rest_route=\/wp\/v2\/posts\/5981","targetHints":{"allow":["GET"]}}],"collection":[{"href":"https:\/\/www.foodmagazine.ma\/index.php?rest_route=\/wp\/v2\/posts"}],"about":[{"href":"https:\/\/www.foodmagazine.ma\/index.php?rest_route=\/wp\/v2\/types\/post"}],"author":[{"embeddable":true,"href":"https:\/\/www.foodmagazine.ma\/index.php?rest_route=\/wp\/v2\/users\/1"}],"replies":[{"embeddable":true,"href":"https:\/\/www.foodmagazine.ma\/index.php?rest_route=%2Fwp%2Fv2%2Fcomments&post=5981"}],"version-history":[{"count":1,"href":"https:\/\/www.foodmagazine.ma\/index.php?rest_route=\/wp\/v2\/posts\/5981\/revisions"}],"predecessor-version":[{"id":5982,"href":"https:\/\/www.foodmagazine.ma\/index.php?rest_route=\/wp\/v2\/posts\/5981\/revisions\/5982"}],"wp:featuredmedia":[{"embeddable":true,"href":"https:\/\/www.foodmagazine.ma\/index.php?rest_route=\/wp\/v2\/media\/5979"}],"wp:attachment":[{"href":"https:\/\/www.foodmagazine.ma\/index.php?rest_route=%2Fwp%2Fv2%2Fmedia&parent=5981"}],"wp:term":[{"taxonomy":"category","embeddable":true,"href":"https:\/\/www.foodmagazine.ma\/index.php?rest_route=%2Fwp%2Fv2%2Fcategories&post=5981"},{"taxonomy":"post_tag","embeddable":true,"href":"https:\/\/www.foodmagazine.ma\/index.php?rest_route=%2Fwp%2Fv2%2Ftags&post=5981"}],"curies":[{"name":"wp","href":"https:\/\/api.w.org\/{rel}","templated":true}]}}