{"id":6042,"date":"2022-06-14T11:24:47","date_gmt":"2022-06-14T10:24:47","guid":{"rendered":"http:\/\/www.foodmagazine.ma\/?p=6042"},"modified":"2022-06-14T11:24:49","modified_gmt":"2022-06-14T10:24:49","slug":"centres-techniques-industriels-une-convention-cadre-pour-la-mise-en-oeuvre-dun-nouveau-plan-de-developpement","status":"publish","type":"post","link":"https:\/\/www.foodmagazine.ma\/?p=6042","title":{"rendered":"Centres techniques industriels : une convention-cadre pour la mise en \u0153uvre d\u2019un nouveau plan de d\u00e9veloppement"},"content":{"rendered":"\n<figure class=\"wp-block-image size-full\"><img loading=\"lazy\" decoding=\"async\" width=\"1000\" height=\"554\" src=\"https:\/\/www.foodmagazine.ma\/wp-content\/uploads\/2022\/06\/HZF3669.jpg\" alt=\"\" class=\"wp-image-6043\" srcset=\"https:\/\/www.foodmagazine.ma\/wp-content\/uploads\/2022\/06\/HZF3669.jpg 1000w, https:\/\/www.foodmagazine.ma\/wp-content\/uploads\/2022\/06\/HZF3669-300x166.jpg 300w, https:\/\/www.foodmagazine.ma\/wp-content\/uploads\/2022\/06\/HZF3669-768x425.jpg 768w\" sizes=\"auto, (max-width: 1000px) 100vw, 1000px\" \/><\/figure>\n\n\n\n<p>Le minist\u00e8re de l\u2019Industrie et du commerce, le R\u00e9seau des centres techniques industriels (RECTIM) et les Centres techniques industriels (CTI) ont proc\u00e9d\u00e9, le 7 juin 2022 \u00e0 Casablanca, \u00e0 la signature d\u2019une convention-cadre pour la mise en \u0153uvre du plan de d\u00e9veloppement des CTI pour la p\u00e9riode 2022-2025. D\u2019une enveloppe budg\u00e9taire de 250 MDH, ce plan de d\u00e9veloppement a pour objectif de les positionner en tant qu\u2019acc\u00e9l\u00e9rateur de l\u2019innovation et de la R&amp;D industrielles, notamment par le d\u00e9veloppement de prestations \u00e0 forte valeur ajout\u00e9e au profit des diff\u00e9rentes fili\u00e8res industrielles, visant le renforcement de leur comp\u00e9titivit\u00e9 et de la souverainet\u00e9 industrielle du Royaume. \u00ab <em>C\u2019est un nouvel \u00e9lan qui est donn\u00e9 aux CTI appel\u00e9s, aujourd\u2019hui plus que jamais, \u00e0 \u00eatre des vecteurs de la mont\u00e9e en comp\u00e9tence des fili\u00e8res industrielles et \u00e0 offrir aux op\u00e9rateurs des prestations novatrices \u00e0 forte valeur ajout\u00e9e, consolidant les acquis et lib\u00e9rant les initiatives \u00e0 la fois<\/em> \u00bb, a d\u00e9clar\u00e9 le Ministre de l\u2019Industrie.<\/p>\n\n\n\n<p>Ce nouveau plan s\u2019articule autour de 5 principaux axes strat\u00e9giques, dont le d\u00e9veloppement de prestations d\u2019assistance technique pour les projets d\u2019investissement retenus dans le cadre de la Task Force Souverainet\u00e9 industrielle, alimentaire et sanitaire, le d\u00e9ploiement de prestations de certification, de validation de produits et de d\u00e9veloppement de normes et l\u2019impulsion de nouvelles activit\u00e9s au Maroc, et l\u2019acc\u00e9l\u00e9ration de la mont\u00e9e en comp\u00e9tences des CTI \u00e0 travers des partenariats industriels et techniques novateurs.<\/p>\n\n\n\n<p>De m\u00eame, ce plan pr\u00e9voit de renforcer la mission d\u2019int\u00e9r\u00eat g\u00e9n\u00e9ral des CTI \u00e0 travers des projets de d\u00e9veloppement en concertation avec les secteurs et \u00e9cosyst\u00e8mes industriels, et de&nbsp; mettre en place de nouvelles plateformes et prestations pour l\u2019accompagnement technique du d\u00e9veloppement de nouvelles activit\u00e9s industrielles s\u2019inscrivant dans la souverainet\u00e9 industrielle, sanitaire et alimentaire.<\/p>\n\n\n\n<p>Au cours de cet \u00e9v\u00e9nement, le bilan des avanc\u00e9es r\u00e9alis\u00e9es dans le cadre du plan 2014-2020, a \u00e9t\u00e9 pr\u00e9sent\u00e9. Parmi les r\u00e9alisations marquantes, le minist\u00e8re cite le Centre Technique des Industries Agroalimentaires (CETIA), qui \u00e9t\u00e9 relanc\u00e9 \u00e0 travers la construction d\u2019un nouveau b\u00e2timent avec de nouvelles installations.<\/p>\n","protected":false},"excerpt":{"rendered":"<p>Le minist\u00e8re de l\u2019Industrie et du commerce, le R\u00e9seau des centres techniques industriels (RECTIM) et les Centres techniques industriels (CTI) ont proc\u00e9d\u00e9, le 7 juin 2022 \u00e0 Casablanca, \u00e0 la signature d\u2019une convention-cadre pour la mise en \u0153uvre du plan de d\u00e9veloppement des CTI pour la p\u00e9riode 2022-2025. D\u2019une enveloppe budg\u00e9taire de 250 MDH, ce &hellip;<\/p>\n","protected":false},"author":1,"featured_media":6043,"comment_status":"open","ping_status":"closed","sticky":false,"template":"","format":"standard","meta":{"footnotes":""},"categories":[6,2],"tags":[],"class_list":["post-6042","post","type-post","status-publish","format-standard","has-post-thumbnail","","category-a-la-une","category-actus-maroc"],"aioseo_notices":[],"_links":{"self":[{"href":"https:\/\/www.foodmagazine.ma\/index.php?rest_route=\/wp\/v2\/posts\/6042","targetHints":{"allow":["GET"]}}],"collection":[{"href":"https:\/\/www.foodmagazine.ma\/index.php?rest_route=\/wp\/v2\/posts"}],"about":[{"href":"https:\/\/www.foodmagazine.ma\/index.php?rest_route=\/wp\/v2\/types\/post"}],"author":[{"embeddable":true,"href":"https:\/\/www.foodmagazine.ma\/index.php?rest_route=\/wp\/v2\/users\/1"}],"replies":[{"embeddable":true,"href":"https:\/\/www.foodmagazine.ma\/index.php?rest_route=%2Fwp%2Fv2%2Fcomments&post=6042"}],"version-history":[{"count":1,"href":"https:\/\/www.foodmagazine.ma\/index.php?rest_route=\/wp\/v2\/posts\/6042\/revisions"}],"predecessor-version":[{"id":6044,"href":"https:\/\/www.foodmagazine.ma\/index.php?rest_route=\/wp\/v2\/posts\/6042\/revisions\/6044"}],"wp:featuredmedia":[{"embeddable":true,"href":"https:\/\/www.foodmagazine.ma\/index.php?rest_route=\/wp\/v2\/media\/6043"}],"wp:attachment":[{"href":"https:\/\/www.foodmagazine.ma\/index.php?rest_route=%2Fwp%2Fv2%2Fmedia&parent=6042"}],"wp:term":[{"taxonomy":"category","embeddable":true,"href":"https:\/\/www.foodmagazine.ma\/index.php?rest_route=%2Fwp%2Fv2%2Fcategories&post=6042"},{"taxonomy":"post_tag","embeddable":true,"href":"https:\/\/www.foodmagazine.ma\/index.php?rest_route=%2Fwp%2Fv2%2Ftags&post=6042"}],"curies":[{"name":"wp","href":"https:\/\/api.w.org\/{rel}","templated":true}]}}