{"id":6279,"date":"2022-07-19T14:39:07","date_gmt":"2022-07-19T13:39:07","guid":{"rendered":"https:\/\/www.foodmagazine.ma\/?p=6279"},"modified":"2022-07-19T14:39:10","modified_gmt":"2022-07-19T13:39:10","slug":"incendies-le-ministre-de-lagriculture-se-rend-sur-les-zones-touchees","status":"publish","type":"post","link":"https:\/\/www.foodmagazine.ma\/?p=6279","title":{"rendered":"Incendies : le ministre de l&#8217;Agriculture se rend sur les zones touch\u00e9es"},"content":{"rendered":"\n<figure class=\"wp-block-image size-full\"><img loading=\"lazy\" decoding=\"async\" width=\"1000\" height=\"666\" src=\"https:\/\/www.foodmagazine.ma\/wp-content\/uploads\/2022\/07\/IMG-20220718-WA0025-1.jpg\" alt=\"\" class=\"wp-image-6281\" srcset=\"https:\/\/www.foodmagazine.ma\/wp-content\/uploads\/2022\/07\/IMG-20220718-WA0025-1.jpg 1000w, https:\/\/www.foodmagazine.ma\/wp-content\/uploads\/2022\/07\/IMG-20220718-WA0025-1-300x200.jpg 300w, https:\/\/www.foodmagazine.ma\/wp-content\/uploads\/2022\/07\/IMG-20220718-WA0025-1-768x511.jpg 768w, https:\/\/www.foodmagazine.ma\/wp-content\/uploads\/2022\/07\/IMG-20220718-WA0025-1-310x205.jpg 310w\" sizes=\"auto, (max-width: 1000px) 100vw, 1000px\" \/><\/figure>\n\n\n\n<p>Le ministre de l\u2019Agriculture, de la p\u00eache maritime, du d\u00e9veloppement rural et des eaux et for\u00eats, Mohammed Sadiki, s\u2019est rendu le 18 juillet 2022 dans la province de Larache pour s\u2019enqu\u00e9rir de la situation des incendies de for\u00eats survenues dans la r\u00e9gion.<\/p>\n\n\n\n<p>Au niveau de la R\u00e9gion Tanger-T\u00e9touan-Al Hoceima, les incendies ont touch\u00e9 les quatre provinces de Larache, T\u00e9touan, Ouezzane et Chefchaouen sur une superficie totale de pr\u00e8s de 9200 ha.<\/p>\n\n\n\n<p>Les efforts sans rel\u00e2che des \u00e9quipes d\u2019intervention, combinant les services des eaux et for\u00eats, la protection civile, les forces arm\u00e9es royales, la gendarmerie royale et les forces auxiliaires, ont permis de ma\u00eetriser la totalit\u00e9 des foyers dans les quatre provinces. La population s\u2019est mobilis\u00e9e aux c\u00f4t\u00e9s des \u00e9quipes d\u2019intervention et plusieurs moyens terrestres et a\u00e9riens ont \u00e9t\u00e9 mis en place pour ma\u00eetriser les flammes attis\u00e9es par les temp\u00e9ratures \u00e9lev\u00e9es et les rafales de vent violentes.<\/p>\n\n\n\n<p>Les incendies ont touch\u00e9 des superficies de plantations d\u2019arboriculture fruiti\u00e8re et d\u00e9truit de nombreuses ruches traditionnelles et modernes plac\u00e9es au niveau des for\u00eats touch\u00e9es.<\/p>\n\n\n\n<p>Pour att\u00e9nuer l\u2019impact de l\u2019incendie sur l\u2019activit\u00e9 agricole et foresti\u00e8re et venir en aide aux populations concern\u00e9es, le minist\u00e8re a mis en place une cellule au niveau central et des cellules au niveau local en coordination avec les autorit\u00e9s r\u00e9gionales, provinciales et locales pour \u00e9tablir l\u2019\u00e9tat des lieux et appr\u00e9cier l\u2019ampleur de l\u2019impact, afin de mettre en \u0153uvre des mesures ad\u00e9quates urgentes pour accompagner les populations et mettre en place des projets de d\u00e9veloppement et de r\u00e9habilitation des \u00e9cosyst\u00e8mes touch\u00e9s, dans le cadre d\u2019un programme gouvernemental global.<\/p>\n","protected":false},"excerpt":{"rendered":"<p>Le ministre de l\u2019Agriculture, de la p\u00eache maritime, du d\u00e9veloppement rural et des eaux et for\u00eats, Mohammed Sadiki, s\u2019est rendu le 18 juillet 2022 dans la province de Larache pour s\u2019enqu\u00e9rir de la situation des incendies de for\u00eats survenues dans la r\u00e9gion. Au niveau de la R\u00e9gion Tanger-T\u00e9touan-Al Hoceima, les incendies ont touch\u00e9 les quatre &hellip;<\/p>\n","protected":false},"author":1,"featured_media":6280,"comment_status":"open","ping_status":"closed","sticky":false,"template":"","format":"standard","meta":{"footnotes":""},"categories":[6,2],"tags":[],"class_list":["post-6279","post","type-post","status-publish","format-standard","has-post-thumbnail","","category-a-la-une","category-actus-maroc"],"aioseo_notices":[],"_links":{"self":[{"href":"https:\/\/www.foodmagazine.ma\/index.php?rest_route=\/wp\/v2\/posts\/6279","targetHints":{"allow":["GET"]}}],"collection":[{"href":"https:\/\/www.foodmagazine.ma\/index.php?rest_route=\/wp\/v2\/posts"}],"about":[{"href":"https:\/\/www.foodmagazine.ma\/index.php?rest_route=\/wp\/v2\/types\/post"}],"author":[{"embeddable":true,"href":"https:\/\/www.foodmagazine.ma\/index.php?rest_route=\/wp\/v2\/users\/1"}],"replies":[{"embeddable":true,"href":"https:\/\/www.foodmagazine.ma\/index.php?rest_route=%2Fwp%2Fv2%2Fcomments&post=6279"}],"version-history":[{"count":1,"href":"https:\/\/www.foodmagazine.ma\/index.php?rest_route=\/wp\/v2\/posts\/6279\/revisions"}],"predecessor-version":[{"id":6282,"href":"https:\/\/www.foodmagazine.ma\/index.php?rest_route=\/wp\/v2\/posts\/6279\/revisions\/6282"}],"wp:featuredmedia":[{"embeddable":true,"href":"https:\/\/www.foodmagazine.ma\/index.php?rest_route=\/wp\/v2\/media\/6280"}],"wp:attachment":[{"href":"https:\/\/www.foodmagazine.ma\/index.php?rest_route=%2Fwp%2Fv2%2Fmedia&parent=6279"}],"wp:term":[{"taxonomy":"category","embeddable":true,"href":"https:\/\/www.foodmagazine.ma\/index.php?rest_route=%2Fwp%2Fv2%2Fcategories&post=6279"},{"taxonomy":"post_tag","embeddable":true,"href":"https:\/\/www.foodmagazine.ma\/index.php?rest_route=%2Fwp%2Fv2%2Ftags&post=6279"}],"curies":[{"name":"wp","href":"https:\/\/api.w.org\/{rel}","templated":true}]}}