{"id":6352,"date":"2022-08-02T09:57:33","date_gmt":"2022-08-02T08:57:33","guid":{"rendered":"http:\/\/www.foodmagazine.ma\/?p=6352"},"modified":"2022-08-02T09:57:36","modified_gmt":"2022-08-02T08:57:36","slug":"les-etudiants-en-agriculture-organisent-la-65eme-edition-de-leur-congres-mondial-a-rabat","status":"publish","type":"post","link":"https:\/\/www.foodmagazine.ma\/?p=6352","title":{"rendered":"Les \u00e9tudiants en agriculture organisent la 65\u00e8me \u00e9dition de leur congr\u00e8s mondial \u00e0 Rabat"},"content":{"rendered":"\n<figure class=\"wp-block-image size-full\"><img loading=\"lazy\" decoding=\"async\" width=\"1000\" height=\"664\" src=\"https:\/\/www.foodmagazine.ma\/wp-content\/uploads\/2022\/08\/Photo3.jpg\" alt=\"\" class=\"wp-image-6353\" srcset=\"https:\/\/www.foodmagazine.ma\/wp-content\/uploads\/2022\/08\/Photo3.jpg 1000w, https:\/\/www.foodmagazine.ma\/wp-content\/uploads\/2022\/08\/Photo3-300x199.jpg 300w, https:\/\/www.foodmagazine.ma\/wp-content\/uploads\/2022\/08\/Photo3-768x510.jpg 768w, https:\/\/www.foodmagazine.ma\/wp-content\/uploads\/2022\/08\/Photo3-310x205.jpg 310w\" sizes=\"auto, (max-width: 1000px) 100vw, 1000px\" \/><\/figure>\n\n\n\n<p>Du 25 juillet au 7 ao\u00fbt 2022, l\u2019Association internationale des \u00e9tudiants en agriculture et sciences connexes (IAAS) organise, en partenariat avec l\u2019Institut agronomique et v\u00e9t\u00e9rinaire Hassan II, la 65\u00e8me \u00e9dition du congr\u00e8s mondial de l\u2019IAAS avec pour th\u00e9matique cette ann\u00e9e : \u00ab La p\u00e9nurie de l\u2019eau et ses effets sur la s\u00e9curit\u00e9 alimentaire \u00bb.<\/p>\n\n\n\n<p>\u00c0 cette occasion, Redouane Arrach, secr\u00e9taire g\u00e9n\u00e9ral du D\u00e9partement de l\u2019agriculture au Maroc, a pr\u00e9sid\u00e9 la c\u00e9r\u00e9monie d\u2019ouverture de ce congr\u00e8s en compagnie de plusieurs ambassadeurs, repr\u00e9sentants d\u2019organisations internationales ainsi que des professionnels et responsables du d\u00e9partement de l\u2019agriculture.<\/p>\n\n\n\n<p>Ce dernier a par ailleurs d\u00e9clar\u00e9 lors de son allocution que : \u00ab <em>afin de contribuer \u00e0 la s\u00e9curit\u00e9 alimentaire mondiale en g\u00e9n\u00e9ral et \u00e0 notre r\u00e9gion du Moyen-Orient et de l&#8217;Afrique du Nord en particulier, une gestion int\u00e9gr\u00e9e est n\u00e9cessaire pour permettre une utilisation rationnelle et coordonn\u00e9e des ressources en eau par tous les secteurs productifs, de mani\u00e8re \u00e0 ne pas affecter leur disponibilit\u00e9 pour la production alimentaire. <\/em>\u00bb<\/p>\n\n\n\n<p>En outre, le secr\u00e9taire g\u00e9n\u00e9ral du MAPMDREF a tenu \u00e0 rappeler que cet \u00e9v\u00e9nement permet la connexion entre les jeunes de diff\u00e9rentes nationalit\u00e9s, et qu\u2019il contribuera \u00e0 \u00e9largir leurs perspectives et \u00e0 apprendre de nouvelles pratiques agricoles.<\/p>\n\n\n\n<p>Pour rappel, l\u2019IAAS est un r\u00e9seau mondial de jeunes recherchant l\u2019excellence. \u00c0 travers ce type d\u2019\u00e9v\u00e8nement, l\u2019IAAS offre ainsi une occasion pour promouvoir l&#8217;\u00e9change d&#8217;exp\u00e9riences, de connaissances et d\u2019id\u00e9es et am\u00e9liorer la compr\u00e9hension mutuelle entre les \u00e9tudiants dans le domaine de l&#8217;agriculture et des sciences connexes.<\/p>\n","protected":false},"excerpt":{"rendered":"<p>Du 25 juillet au 7 ao\u00fbt 2022, l\u2019Association internationale des \u00e9tudiants en agriculture et sciences connexes (IAAS) organise, en partenariat avec l\u2019Institut agronomique et v\u00e9t\u00e9rinaire Hassan II, la 65\u00e8me \u00e9dition du congr\u00e8s mondial de l\u2019IAAS avec pour th\u00e9matique cette ann\u00e9e : \u00ab La p\u00e9nurie de l\u2019eau et ses effets sur la s\u00e9curit\u00e9 alimentaire \u00bb. \u00c0 &hellip;<\/p>\n","protected":false},"author":1,"featured_media":6353,"comment_status":"open","ping_status":"closed","sticky":false,"template":"","format":"standard","meta":{"footnotes":""},"categories":[6,2],"tags":[],"class_list":["post-6352","post","type-post","status-publish","format-standard","has-post-thumbnail","","category-a-la-une","category-actus-maroc"],"aioseo_notices":[],"_links":{"self":[{"href":"https:\/\/www.foodmagazine.ma\/index.php?rest_route=\/wp\/v2\/posts\/6352","targetHints":{"allow":["GET"]}}],"collection":[{"href":"https:\/\/www.foodmagazine.ma\/index.php?rest_route=\/wp\/v2\/posts"}],"about":[{"href":"https:\/\/www.foodmagazine.ma\/index.php?rest_route=\/wp\/v2\/types\/post"}],"author":[{"embeddable":true,"href":"https:\/\/www.foodmagazine.ma\/index.php?rest_route=\/wp\/v2\/users\/1"}],"replies":[{"embeddable":true,"href":"https:\/\/www.foodmagazine.ma\/index.php?rest_route=%2Fwp%2Fv2%2Fcomments&post=6352"}],"version-history":[{"count":1,"href":"https:\/\/www.foodmagazine.ma\/index.php?rest_route=\/wp\/v2\/posts\/6352\/revisions"}],"predecessor-version":[{"id":6354,"href":"https:\/\/www.foodmagazine.ma\/index.php?rest_route=\/wp\/v2\/posts\/6352\/revisions\/6354"}],"wp:featuredmedia":[{"embeddable":true,"href":"https:\/\/www.foodmagazine.ma\/index.php?rest_route=\/wp\/v2\/media\/6353"}],"wp:attachment":[{"href":"https:\/\/www.foodmagazine.ma\/index.php?rest_route=%2Fwp%2Fv2%2Fmedia&parent=6352"}],"wp:term":[{"taxonomy":"category","embeddable":true,"href":"https:\/\/www.foodmagazine.ma\/index.php?rest_route=%2Fwp%2Fv2%2Fcategories&post=6352"},{"taxonomy":"post_tag","embeddable":true,"href":"https:\/\/www.foodmagazine.ma\/index.php?rest_route=%2Fwp%2Fv2%2Ftags&post=6352"}],"curies":[{"name":"wp","href":"https:\/\/api.w.org\/{rel}","templated":true}]}}