{"id":6361,"date":"2022-08-02T10:01:47","date_gmt":"2022-08-02T09:01:47","guid":{"rendered":"http:\/\/www.foodmagazine.ma\/?p=6361"},"modified":"2022-08-02T10:05:55","modified_gmt":"2022-08-02T09:05:55","slug":"pause-estivale-pour-food-magazine","status":"publish","type":"post","link":"https:\/\/www.foodmagazine.ma\/?p=6361","title":{"rendered":"Pause estivale pour FOOD Magazine"},"content":{"rendered":"\n<div class=\"wp-block-image\"><figure class=\"aligncenter size-full\"><img loading=\"lazy\" decoding=\"async\" width=\"564\" height=\"129\" src=\"https:\/\/www.foodmagazine.ma\/wp-content\/uploads\/2021\/10\/Newlogofood.png\" alt=\"\" class=\"wp-image-4513\" srcset=\"https:\/\/www.foodmagazine.ma\/wp-content\/uploads\/2021\/10\/Newlogofood.png 564w, https:\/\/www.foodmagazine.ma\/wp-content\/uploads\/2021\/10\/Newlogofood-300x69.png 300w\" sizes=\"auto, (max-width: 564px) 100vw, 564px\" \/><\/figure><\/div>\n\n\n\n<p>FOOD Magazine se met en pause pour les cong\u00e9s annuels, du 8 au 28 ao\u00fbt 2022 inclus. La newsletter reprendra donc le 30 ao\u00fbt.<\/p>\n\n\n\n<p>Bon \u00e9t\u00e9 \u00e0 tous nos lecteurs !<\/p>\n","protected":false},"excerpt":{"rendered":"<p>FOOD Magazine se met en pause pour les cong\u00e9s annuels, du 8 au 28 ao\u00fbt 2022 inclus. La newsletter reprendra donc le 30 ao\u00fbt. Bon \u00e9t\u00e9 \u00e0 tous nos lecteurs !<\/p>\n","protected":false},"author":1,"featured_media":6363,"comment_status":"open","ping_status":"closed","sticky":false,"template":"","format":"standard","meta":{"footnotes":""},"categories":[6,2],"tags":[],"class_list":["post-6361","post","type-post","status-publish","format-standard","has-post-thumbnail","","category-a-la-une","category-actus-maroc"],"aioseo_notices":[],"_links":{"self":[{"href":"https:\/\/www.foodmagazine.ma\/index.php?rest_route=\/wp\/v2\/posts\/6361","targetHints":{"allow":["GET"]}}],"collection":[{"href":"https:\/\/www.foodmagazine.ma\/index.php?rest_route=\/wp\/v2\/posts"}],"about":[{"href":"https:\/\/www.foodmagazine.ma\/index.php?rest_route=\/wp\/v2\/types\/post"}],"author":[{"embeddable":true,"href":"https:\/\/www.foodmagazine.ma\/index.php?rest_route=\/wp\/v2\/users\/1"}],"replies":[{"embeddable":true,"href":"https:\/\/www.foodmagazine.ma\/index.php?rest_route=%2Fwp%2Fv2%2Fcomments&post=6361"}],"version-history":[{"count":1,"href":"https:\/\/www.foodmagazine.ma\/index.php?rest_route=\/wp\/v2\/posts\/6361\/revisions"}],"predecessor-version":[{"id":6362,"href":"https:\/\/www.foodmagazine.ma\/index.php?rest_route=\/wp\/v2\/posts\/6361\/revisions\/6362"}],"wp:featuredmedia":[{"embeddable":true,"href":"https:\/\/www.foodmagazine.ma\/index.php?rest_route=\/wp\/v2\/media\/6363"}],"wp:attachment":[{"href":"https:\/\/www.foodmagazine.ma\/index.php?rest_route=%2Fwp%2Fv2%2Fmedia&parent=6361"}],"wp:term":[{"taxonomy":"category","embeddable":true,"href":"https:\/\/www.foodmagazine.ma\/index.php?rest_route=%2Fwp%2Fv2%2Fcategories&post=6361"},{"taxonomy":"post_tag","embeddable":true,"href":"https:\/\/www.foodmagazine.ma\/index.php?rest_route=%2Fwp%2Fv2%2Ftags&post=6361"}],"curies":[{"name":"wp","href":"https:\/\/api.w.org\/{rel}","templated":true}]}}