{"id":6510,"date":"2022-09-13T11:26:31","date_gmt":"2022-09-13T10:26:31","guid":{"rendered":"https:\/\/www.foodmagazine.ma\/?p=6510"},"modified":"2022-09-13T11:26:33","modified_gmt":"2022-09-13T10:26:33","slug":"iav-hassan-ii-rentree-academique-inauguration-et-lancement-de-chantiers-par-le-ministre-de-lagriculture","status":"publish","type":"post","link":"https:\/\/www.foodmagazine.ma\/?p=6510","title":{"rendered":"IAV Hassan II : rentr\u00e9e acad\u00e9mique, inauguration et lancement de chantiers par le ministre de l\u2019Agriculture"},"content":{"rendered":"\n<figure class=\"wp-block-image size-full\"><img loading=\"lazy\" decoding=\"async\" width=\"1000\" height=\"666\" src=\"https:\/\/www.foodmagazine.ma\/wp-content\/uploads\/2022\/09\/WhatsApp-Image-2022-09-12-at-17.58.jpg\" alt=\"\" class=\"wp-image-6511\" srcset=\"https:\/\/www.foodmagazine.ma\/wp-content\/uploads\/2022\/09\/WhatsApp-Image-2022-09-12-at-17.58.jpg 1000w, https:\/\/www.foodmagazine.ma\/wp-content\/uploads\/2022\/09\/WhatsApp-Image-2022-09-12-at-17.58-300x200.jpg 300w, https:\/\/www.foodmagazine.ma\/wp-content\/uploads\/2022\/09\/WhatsApp-Image-2022-09-12-at-17.58-768x511.jpg 768w, https:\/\/www.foodmagazine.ma\/wp-content\/uploads\/2022\/09\/WhatsApp-Image-2022-09-12-at-17.58-310x205.jpg 310w\" sizes=\"auto, (max-width: 1000px) 100vw, 1000px\" \/><\/figure>\n\n\n\n<p>Le ministre de l&#8217;Agriculture, Mohammed Sadiki, a pr\u00e9sid\u00e9, le 12 septembre 2022 \u00e0 Rabat, la c\u00e9r\u00e9monie de d\u00e9marrage de la rentr\u00e9e acad\u00e9mique \u00e0 l&#8217;Institut agronomique et v\u00e9t\u00e9rinaire Hassan II (IAV), \u00e0 travers la r\u00e9ception des nouveaux \u00e9tudiants de la premi\u00e8re ann\u00e9e pr\u00e9paratoire aux \u00e9tudes sup\u00e9rieures en agriculture (APESA). Il a \u00e9galement proc\u00e9d\u00e9 \u00e0 l\u2019inauguration de projets, au lancement de nouveaux chantiers ainsi qu\u2019\u00e0 la visite de de diff\u00e9rents projets en cours.<\/p>\n\n\n\n<p>D\u2019un c\u00f4t\u00e9, le ministre a proc\u00e9d\u00e9 \u00e0 l\u2019inauguration du nouveau complexe sportif de l\u2019IAV, r\u00e9alis\u00e9 selon les standards internationaux. S\u2019\u00e9tendant sur une superficie de 2,75 ha, le budget du projet a atteint 20 millions de dirhams. D\u2019un autre c\u00f4t\u00e9, M. Sadiki a lanc\u00e9 le projet de cr\u00e9ation d\u2019une station d&#8217;\u00e9puration et de r\u00e9utilisation des eaux us\u00e9es \u00e9pur\u00e9es de l&#8217;institut. D\u2019un co\u00fbt global de 10,2 millions de dirhams, le projet consiste en la mise en place d\u2019une plateforme mod\u00e8le de traitement des eaux us\u00e9es. En outre, le ministre a pr\u00e9sid\u00e9 la signature d\u2019une convention de partenariat entre le minist\u00e8re de l&#8217;Agriculture et l\u2019IAV pour assurer l\u2019appui financier et technique n\u00e9cessaire \u00e0 la r\u00e9alisation du projet.<\/p>\n\n\n\n<p>Par ailleurs, M. Sadiki a inaugur\u00e9 le d\u00e9marrage de deux projets visant \u00e0 suivre les \u00e9volutions, notamment dans le domaine digital. Le premier concerne le lancement d&#8217;une nouvelle formation dans le domaine de l&#8217;intelligence artificielle appliqu\u00e9e \u00e0 l\u2019agriculture, intitul\u00e9e \u00ab data science en agriculture \u00bb. Le deuxi\u00e8me projet concerne le d\u00e9marrage du \u00ab p\u00f4le digital de l\u2019agriculture, de la for\u00eat et de l\u2019observatoire de la s\u00e9cheresse \u00bb, pour la mise en place d&#8217;un p\u00f4le num\u00e9rique d&#8217;appui \u00e0 la digitalisation du secteur agricole national. Fruit d\u2019un investissement de 7 millions de dirhams, les travaux au sein de ce p\u00f4le porteront notamment sur l\u2019agriculture 4.0, la sylviculture et la surveillance de la s\u00e9cheresse.<\/p>\n\n\n\n<p>Enfin, le ministre a pris connaissance du projet de mise en place d\u2019un espace culturel de l\u2019\u00e9tudiant. L\u2019objectif de ce projet est de cr\u00e9er un espace de rencontres, d\u2019\u00e9change, de d\u00e9bats mais aussi de cr\u00e9ation et de cr\u00e9ativit\u00e9 artistique et culturelle. Avec un co\u00fbt global d\u2019environ 1,2 millions de dirhams, ce centre contribuera au renforcement de la personnalit\u00e9 des laur\u00e9ats \u00e0 travers la cr\u00e9ation de projets f\u00e9d\u00e9rateurs impliquant l\u2019ensemble des \u00e9tudiants.<\/p>\n","protected":false},"excerpt":{"rendered":"<p>Le ministre de l&#8217;Agriculture, Mohammed Sadiki, a pr\u00e9sid\u00e9, le 12 septembre 2022 \u00e0 Rabat, la c\u00e9r\u00e9monie de d\u00e9marrage de la rentr\u00e9e acad\u00e9mique \u00e0 l&#8217;Institut agronomique et v\u00e9t\u00e9rinaire Hassan II (IAV), \u00e0 travers la r\u00e9ception des nouveaux \u00e9tudiants de la premi\u00e8re ann\u00e9e pr\u00e9paratoire aux \u00e9tudes sup\u00e9rieures en agriculture (APESA). Il a \u00e9galement proc\u00e9d\u00e9 \u00e0 l\u2019inauguration de &hellip;<\/p>\n","protected":false},"author":1,"featured_media":6511,"comment_status":"open","ping_status":"closed","sticky":false,"template":"","format":"standard","meta":{"footnotes":""},"categories":[6,2],"tags":[],"class_list":["post-6510","post","type-post","status-publish","format-standard","has-post-thumbnail","","category-a-la-une","category-actus-maroc"],"aioseo_notices":[],"_links":{"self":[{"href":"https:\/\/www.foodmagazine.ma\/index.php?rest_route=\/wp\/v2\/posts\/6510","targetHints":{"allow":["GET"]}}],"collection":[{"href":"https:\/\/www.foodmagazine.ma\/index.php?rest_route=\/wp\/v2\/posts"}],"about":[{"href":"https:\/\/www.foodmagazine.ma\/index.php?rest_route=\/wp\/v2\/types\/post"}],"author":[{"embeddable":true,"href":"https:\/\/www.foodmagazine.ma\/index.php?rest_route=\/wp\/v2\/users\/1"}],"replies":[{"embeddable":true,"href":"https:\/\/www.foodmagazine.ma\/index.php?rest_route=%2Fwp%2Fv2%2Fcomments&post=6510"}],"version-history":[{"count":1,"href":"https:\/\/www.foodmagazine.ma\/index.php?rest_route=\/wp\/v2\/posts\/6510\/revisions"}],"predecessor-version":[{"id":6512,"href":"https:\/\/www.foodmagazine.ma\/index.php?rest_route=\/wp\/v2\/posts\/6510\/revisions\/6512"}],"wp:featuredmedia":[{"embeddable":true,"href":"https:\/\/www.foodmagazine.ma\/index.php?rest_route=\/wp\/v2\/media\/6511"}],"wp:attachment":[{"href":"https:\/\/www.foodmagazine.ma\/index.php?rest_route=%2Fwp%2Fv2%2Fmedia&parent=6510"}],"wp:term":[{"taxonomy":"category","embeddable":true,"href":"https:\/\/www.foodmagazine.ma\/index.php?rest_route=%2Fwp%2Fv2%2Fcategories&post=6510"},{"taxonomy":"post_tag","embeddable":true,"href":"https:\/\/www.foodmagazine.ma\/index.php?rest_route=%2Fwp%2Fv2%2Ftags&post=6510"}],"curies":[{"name":"wp","href":"https:\/\/api.w.org\/{rel}","templated":true}]}}