{"id":6676,"date":"2022-10-18T13:29:48","date_gmt":"2022-10-18T12:29:48","guid":{"rendered":"https:\/\/www.foodmagazine.ma\/?p=6676"},"modified":"2022-10-18T13:29:51","modified_gmt":"2022-10-18T12:29:51","slug":"mondelez-international-celebre-son-10eme-anniversaire-et-reaffirme-sa-strategie-de-croissance-a-long-terme","status":"publish","type":"post","link":"https:\/\/www.foodmagazine.ma\/?p=6676","title":{"rendered":"Mondel\u0113z International c\u00e9l\u00e8bre son 10\u00e8me anniversaire et r\u00e9affirme sa strat\u00e9gie de croissance \u00e0 long terme"},"content":{"rendered":"\n<figure class=\"wp-block-image size-full\"><img loading=\"lazy\" decoding=\"async\" width=\"1000\" height=\"750\" src=\"https:\/\/www.foodmagazine.ma\/wp-content\/uploads\/2022\/10\/MDLZ-3.jpg\" alt=\"\" class=\"wp-image-6677\" srcset=\"https:\/\/www.foodmagazine.ma\/wp-content\/uploads\/2022\/10\/MDLZ-3.jpg 1000w, https:\/\/www.foodmagazine.ma\/wp-content\/uploads\/2022\/10\/MDLZ-3-300x225.jpg 300w, https:\/\/www.foodmagazine.ma\/wp-content\/uploads\/2022\/10\/MDLZ-3-768x576.jpg 768w\" sizes=\"auto, (max-width: 1000px) 100vw, 1000px\" \/><\/figure>\n\n\n\n<p>Mondel\u0113z International c\u00e9l\u00e8bre son 10\u00e8me anniversaire avec un r\u00e9engagement mondial, \u00e0 l&#8217;\u00e9chelle de l&#8217;entreprise, envers son objectif d\u2019offrir les moyens de bien snacker. \u00ab <em>Nous avons r\u00e9alis\u00e9 une croissance soutenue et des performances financi\u00e8res solides, tout en innovant continuellement pour garder une longueur d&#8217;avance sur l&#8217;\u00e9volution des go\u00fbts des consommateurs et en naviguant dans un environnement externe dynamique. Alors que nous reconnaissons cette \u00e9tape importante dans la jeune histoire de notre entreprise, nos 80 000 talentueux \u00ab Makers &amp; Bakers \u00bb issus du monde entier sont encore plus passionn\u00e9s par la cr\u00e9ation des bonnes collations et recettes, pour les bonnes occasions de consommation, en s\u2019engageant de toujours fournir la meilleure qualit\u00e9 tout au long des ann\u00e9es \u00e0 venir <\/em>\u00bb, d\u00e9clare Dirk Van de Put, pr\u00e9sident-directeur g\u00e9n\u00e9ral de Mondel\u0113z International.<\/p>\n\n\n\n<p>Chaque mois d&#8217;octobre, Mondel\u0113z International c\u00e9l\u00e8bre son anniversaire. La c\u00e9l\u00e9bration de cette ann\u00e9e s\u2019est faite dans le cadre du programme \u00ab Change Makers \u00bb, sous l\u2019hymne \u00ab Let\u2019s be the change makers \u00bb.<\/p>\n\n\n\n<p>Au Maroc, la comm\u00e9moration du cet anniversaire a co\u00efncid\u00e9 \u00e9galement avec les 10 ans de l\u2019acquisition des biscuits BIMO. \u00c0 cette occasion, l\u2019\u00e9v\u00e9nement a \u00e9t\u00e9 c\u00e9l\u00e9br\u00e9 en interne en grande pompe, le 12 octobre, en r\u00e9alisant notamment une g\u00e9noise Merendina g\u00e9ante.<\/p>\n\n\n\n<p>Tout au long de la journ\u00e9e du 14 octobre, une nouvelle initiative a \u00e9t\u00e9 men\u00e9e sous le th\u00e8me \u00ab Let\u2019s be the change Maker \u00bb, au profit des \u00e9l\u00e8ves de l\u2019\u00e9cole de la 2\u00e8me chance, situ\u00e9e dans la commune de Ben Msik-Sidi Othmane. Cette initiative a port\u00e9 sur la mise en place de diff\u00e9rents ateliers \u00e9ducatifs.<\/p>\n\n\n\n<p>Par ailleurs, Mondel\u0113z International a d\u00e9voil\u00e9 l&#8217;\u00e9volution de sa strat\u00e9gie de croissance, qui renforce son engagement envers ses quatre piliers strat\u00e9giques : croissance, ex\u00e9cution, culture et durabilit\u00e9.<\/p>\n","protected":false},"excerpt":{"rendered":"<p>Mondel\u0113z International c\u00e9l\u00e8bre son 10\u00e8me anniversaire avec un r\u00e9engagement mondial, \u00e0 l&#8217;\u00e9chelle de l&#8217;entreprise, envers son objectif d\u2019offrir les moyens de bien snacker. \u00ab Nous avons r\u00e9alis\u00e9 une croissance soutenue et des performances financi\u00e8res solides, tout en innovant continuellement pour garder une longueur d&#8217;avance sur l&#8217;\u00e9volution des go\u00fbts des consommateurs et en naviguant dans un &hellip;<\/p>\n","protected":false},"author":1,"featured_media":6677,"comment_status":"open","ping_status":"closed","sticky":false,"template":"","format":"standard","meta":{"footnotes":""},"categories":[6,2],"tags":[],"class_list":["post-6676","post","type-post","status-publish","format-standard","has-post-thumbnail","","category-a-la-une","category-actus-maroc"],"aioseo_notices":[],"_links":{"self":[{"href":"https:\/\/www.foodmagazine.ma\/index.php?rest_route=\/wp\/v2\/posts\/6676","targetHints":{"allow":["GET"]}}],"collection":[{"href":"https:\/\/www.foodmagazine.ma\/index.php?rest_route=\/wp\/v2\/posts"}],"about":[{"href":"https:\/\/www.foodmagazine.ma\/index.php?rest_route=\/wp\/v2\/types\/post"}],"author":[{"embeddable":true,"href":"https:\/\/www.foodmagazine.ma\/index.php?rest_route=\/wp\/v2\/users\/1"}],"replies":[{"embeddable":true,"href":"https:\/\/www.foodmagazine.ma\/index.php?rest_route=%2Fwp%2Fv2%2Fcomments&post=6676"}],"version-history":[{"count":1,"href":"https:\/\/www.foodmagazine.ma\/index.php?rest_route=\/wp\/v2\/posts\/6676\/revisions"}],"predecessor-version":[{"id":6678,"href":"https:\/\/www.foodmagazine.ma\/index.php?rest_route=\/wp\/v2\/posts\/6676\/revisions\/6678"}],"wp:featuredmedia":[{"embeddable":true,"href":"https:\/\/www.foodmagazine.ma\/index.php?rest_route=\/wp\/v2\/media\/6677"}],"wp:attachment":[{"href":"https:\/\/www.foodmagazine.ma\/index.php?rest_route=%2Fwp%2Fv2%2Fmedia&parent=6676"}],"wp:term":[{"taxonomy":"category","embeddable":true,"href":"https:\/\/www.foodmagazine.ma\/index.php?rest_route=%2Fwp%2Fv2%2Fcategories&post=6676"},{"taxonomy":"post_tag","embeddable":true,"href":"https:\/\/www.foodmagazine.ma\/index.php?rest_route=%2Fwp%2Fv2%2Ftags&post=6676"}],"curies":[{"name":"wp","href":"https:\/\/api.w.org\/{rel}","templated":true}]}}