{"id":6842,"date":"2022-11-22T16:30:16","date_gmt":"2022-11-22T15:30:16","guid":{"rendered":"http:\/\/www.foodmagazine.ma\/?p=6842"},"modified":"2022-11-22T16:30:20","modified_gmt":"2022-11-22T15:30:20","slug":"ada-deux-evenements-sur-lagregation-agricole-au-maroc","status":"publish","type":"post","link":"https:\/\/www.foodmagazine.ma\/?p=6842","title":{"rendered":"ADA : deux \u00e9v\u00e8nements sur l\u2019agr\u00e9gation agricole au Maroc"},"content":{"rendered":"\n<figure class=\"wp-block-image size-full\"><img loading=\"lazy\" decoding=\"async\" width=\"1000\" height=\"667\" src=\"https:\/\/www.foodmagazine.ma\/wp-content\/uploads\/2022\/11\/Pic-2.jpg\" alt=\"\" class=\"wp-image-6843\" srcset=\"https:\/\/www.foodmagazine.ma\/wp-content\/uploads\/2022\/11\/Pic-2.jpg 1000w, https:\/\/www.foodmagazine.ma\/wp-content\/uploads\/2022\/11\/Pic-2-300x200.jpg 300w, https:\/\/www.foodmagazine.ma\/wp-content\/uploads\/2022\/11\/Pic-2-768x512.jpg 768w\" sizes=\"auto, (max-width: 1000px) 100vw, 1000px\" \/><\/figure>\n\n\n\n<p>Dans le but de mettre en avant l\u2019agr\u00e9gation agricole au Maroc, l\u2019Agence pour le d\u00e9veloppement agricole (ADA) a organis\u00e9, lors de la seconde semaine du mois de novembre 2022, deux s\u00e9minaires, l\u2019un \u00e0 Tanger et l\u2019autre \u00e0 Marrakech.<\/p>\n\n\n\n<p>Organis\u00e9 le 15 novembre 2022 en \u00e9troite collaboration avec la Direction r\u00e9gionale d\u2019agriculture de Tanger-Tetouan-El Hoceima, le premier s\u00e9minaire avait pour th\u00e9matique \u00ab&nbsp;L\u2019agr\u00e9gation agricole, solution adapt\u00e9e pour la valorisation de l\u2019eau d\u2019irrigation et la promotion des chaines de valeur&nbsp;\u00bb. Une th\u00e9matique qui s\u2019inscrivait dans le cadre du projet d\u2019appui au programme national d\u2019\u00e9conomie d\u2019eau d\u2019irrigation (PAPNEEI-2), financ\u00e9 par la Banque africaine de d\u00e9veloppement (BAD), dans les p\u00e9rim\u00e8tres irrigu\u00e9s du Loukkos et des Doukkala. Cet \u00e9v\u00e8nement a \u00e9t\u00e9 l\u2019occasion de pr\u00e9senter les potentialit\u00e9s de production et d\u2019investissement dans des projets d\u2019agr\u00e9gation agricole de nouvelle g\u00e9n\u00e9ration dans le cadre de la strat\u00e9gie G\u00e9n\u00e9ration Green 2020-2030. Rappelons que cette strat\u00e9gie pr\u00e9voit, au niveau de son premier fondement relatif \u00e0 la priorisation de l\u2019\u00e9l\u00e9ment humain, le lancement d\u2019une nouvelle g\u00e9n\u00e9ration de projets d\u2019agr\u00e9gation innovants.<\/p>\n\n\n\n<p>Pour ce qui est du second \u00e9v\u00e8nement, il a \u00e9t\u00e9 organis\u00e9 \u00e0 Marrakech le 17 novembre dernier en partenariat avec la Direction r\u00e9gionale de l\u2019agriculture Marrakech-Safi et la Chambre d\u2019agriculture de Marrakech Safi. Le but \u00e9tait de mettre en exergue l\u2019axe relatif \u00e0 l\u2019agr\u00e9gation agricole. Avec la participation de plus de 80 acteurs et professionnels du secteur agricole, cette rencontre a permis de faire le point sur l\u2019\u00e9tat des lieux de l\u2019agr\u00e9gation agricole et de pr\u00e9senter le nouveau dispositif r\u00e9glementaire mis en place gr\u00e2ce aux deux nouveaux arr\u00eat\u00e9s d\u2019application de la loi 04-12 sur l\u2019agr\u00e9gation agricole.<\/p>\n\n\n\n<p>Entre autres, il est \u00e0 noter que la r\u00e9gion Marrakech-Safi s\u2019est inscrite activement dans cette dynamique \u00e0 travers la concr\u00e9tisation, \u00e0 ce jour, de 5 projets d\u2019agr\u00e9gation, en plus d\u2019un portefeuille consistant portant sur un total de 24 projets d\u2019agr\u00e9gation \u00ab Nouvelle G\u00e9n\u00e9ration \u00bb, ayant pour objectif d\u2019agr\u00e9ger environ 1 500 agriculteurs sur une superficie de 8 500 ha. Ces projets touchent principalement les fili\u00e8res de l\u2019olivier, c\u00e2prier, agrumes, agriculture bio, lait, arboriculture fruiti\u00e8re, plantes aromatiques et m\u00e9dicinales, arganier et mara\u00eechage.<\/p>\n","protected":false},"excerpt":{"rendered":"<p>Dans le but de mettre en avant l\u2019agr\u00e9gation agricole au Maroc, l\u2019Agence pour le d\u00e9veloppement agricole (ADA) a organis\u00e9, lors de la seconde semaine du mois de novembre 2022, deux s\u00e9minaires, l\u2019un \u00e0 Tanger et l\u2019autre \u00e0 Marrakech. Organis\u00e9 le 15 novembre 2022 en \u00e9troite collaboration avec la Direction r\u00e9gionale d\u2019agriculture de Tanger-Tetouan-El Hoceima, le &hellip;<\/p>\n","protected":false},"author":1,"featured_media":6843,"comment_status":"open","ping_status":"closed","sticky":false,"template":"","format":"standard","meta":{"footnotes":""},"categories":[6,2],"tags":[],"class_list":["post-6842","post","type-post","status-publish","format-standard","has-post-thumbnail","","category-a-la-une","category-actus-maroc"],"aioseo_notices":[],"_links":{"self":[{"href":"https:\/\/www.foodmagazine.ma\/index.php?rest_route=\/wp\/v2\/posts\/6842","targetHints":{"allow":["GET"]}}],"collection":[{"href":"https:\/\/www.foodmagazine.ma\/index.php?rest_route=\/wp\/v2\/posts"}],"about":[{"href":"https:\/\/www.foodmagazine.ma\/index.php?rest_route=\/wp\/v2\/types\/post"}],"author":[{"embeddable":true,"href":"https:\/\/www.foodmagazine.ma\/index.php?rest_route=\/wp\/v2\/users\/1"}],"replies":[{"embeddable":true,"href":"https:\/\/www.foodmagazine.ma\/index.php?rest_route=%2Fwp%2Fv2%2Fcomments&post=6842"}],"version-history":[{"count":1,"href":"https:\/\/www.foodmagazine.ma\/index.php?rest_route=\/wp\/v2\/posts\/6842\/revisions"}],"predecessor-version":[{"id":6844,"href":"https:\/\/www.foodmagazine.ma\/index.php?rest_route=\/wp\/v2\/posts\/6842\/revisions\/6844"}],"wp:featuredmedia":[{"embeddable":true,"href":"https:\/\/www.foodmagazine.ma\/index.php?rest_route=\/wp\/v2\/media\/6843"}],"wp:attachment":[{"href":"https:\/\/www.foodmagazine.ma\/index.php?rest_route=%2Fwp%2Fv2%2Fmedia&parent=6842"}],"wp:term":[{"taxonomy":"category","embeddable":true,"href":"https:\/\/www.foodmagazine.ma\/index.php?rest_route=%2Fwp%2Fv2%2Fcategories&post=6842"},{"taxonomy":"post_tag","embeddable":true,"href":"https:\/\/www.foodmagazine.ma\/index.php?rest_route=%2Fwp%2Fv2%2Ftags&post=6842"}],"curies":[{"name":"wp","href":"https:\/\/api.w.org\/{rel}","templated":true}]}}