{"id":6996,"date":"2022-12-27T16:35:27","date_gmt":"2022-12-27T15:35:27","guid":{"rendered":"http:\/\/www.foodmagazine.ma\/?p=6996"},"modified":"2022-12-27T16:35:30","modified_gmt":"2022-12-27T15:35:30","slug":"claudia-gaudiau-fransisco-a-la-tete-de-la-cfcim","status":"publish","type":"post","link":"https:\/\/www.foodmagazine.ma\/?p=6996","title":{"rendered":"Claudia Gaudiau Fransisco \u00e0 la t\u00eate de la CFCIM"},"content":{"rendered":"\n<figure class=\"wp-block-image size-full\"><img loading=\"lazy\" decoding=\"async\" width=\"1000\" height=\"627\" src=\"https:\/\/www.foodmagazine.ma\/wp-content\/uploads\/2022\/12\/CFCIM.jpg\" alt=\"\" class=\"wp-image-6997\" srcset=\"https:\/\/www.foodmagazine.ma\/wp-content\/uploads\/2022\/12\/CFCIM.jpg 1000w, https:\/\/www.foodmagazine.ma\/wp-content\/uploads\/2022\/12\/CFCIM-300x188.jpg 300w, https:\/\/www.foodmagazine.ma\/wp-content\/uploads\/2022\/12\/CFCIM-768x482.jpg 768w\" sizes=\"auto, (max-width: 1000px) 100vw, 1000px\" \/><\/figure>\n\n\n\n<p>Claudia Gaudiau Fransisco, secr\u00e9taire g\u00e9n\u00e9rale du Groupe TECTRA, vient d\u2019\u00eatre \u00e9lue pr\u00e9sidente de la Chambre fran\u00e7aise de commerce et d\u2019industrie du Maroc, institution centenaire qui a pour mission de promouvoir les relations \u00e9conomiques entre la France et le Maroc.<\/p>\n\n\n\n<p>En effet, Claudia&nbsp;&nbsp;Gaudiau Fransisco succ\u00e8de \u00e0 Jean-Pascal Darriet, directeur g\u00e9n\u00e9ral de Lydec et devient ainsi la premi\u00e8re femme Pr\u00e9sidente de la CFCIM. Elle aura pour t\u00e2che, ainsi que l\u2019ensemble des membres de son bureau, de continuer \u00e0 mener \u00e0 bien les missions de la CFCIM et d\u2019atteindre les objectifs, et ce malgr\u00e9 le froid diplomatique entre la France et le Royaume du Maroc.<\/p>\n\n\n\n<p>Mme Gaudiau Fransisco est titulaire d\u2019un master international en h\u00f4tellerie et d\u2019une ma\u00eetrise universitaire de management h\u00f4telier.&nbsp;<\/p>\n","protected":false},"excerpt":{"rendered":"<p>Claudia Gaudiau Fransisco, secr\u00e9taire g\u00e9n\u00e9rale du Groupe TECTRA, vient d\u2019\u00eatre \u00e9lue pr\u00e9sidente de la Chambre fran\u00e7aise de commerce et d\u2019industrie du Maroc, institution centenaire qui a pour mission de promouvoir les relations \u00e9conomiques entre la France et le Maroc. En effet, Claudia&nbsp;&nbsp;Gaudiau Fransisco succ\u00e8de \u00e0 Jean-Pascal Darriet, directeur g\u00e9n\u00e9ral de Lydec et devient ainsi la &hellip;<\/p>\n","protected":false},"author":1,"featured_media":6997,"comment_status":"open","ping_status":"closed","sticky":false,"template":"","format":"standard","meta":{"footnotes":""},"categories":[6,2],"tags":[],"class_list":["post-6996","post","type-post","status-publish","format-standard","has-post-thumbnail","","category-a-la-une","category-actus-maroc"],"aioseo_notices":[],"_links":{"self":[{"href":"https:\/\/www.foodmagazine.ma\/index.php?rest_route=\/wp\/v2\/posts\/6996","targetHints":{"allow":["GET"]}}],"collection":[{"href":"https:\/\/www.foodmagazine.ma\/index.php?rest_route=\/wp\/v2\/posts"}],"about":[{"href":"https:\/\/www.foodmagazine.ma\/index.php?rest_route=\/wp\/v2\/types\/post"}],"author":[{"embeddable":true,"href":"https:\/\/www.foodmagazine.ma\/index.php?rest_route=\/wp\/v2\/users\/1"}],"replies":[{"embeddable":true,"href":"https:\/\/www.foodmagazine.ma\/index.php?rest_route=%2Fwp%2Fv2%2Fcomments&post=6996"}],"version-history":[{"count":1,"href":"https:\/\/www.foodmagazine.ma\/index.php?rest_route=\/wp\/v2\/posts\/6996\/revisions"}],"predecessor-version":[{"id":6998,"href":"https:\/\/www.foodmagazine.ma\/index.php?rest_route=\/wp\/v2\/posts\/6996\/revisions\/6998"}],"wp:featuredmedia":[{"embeddable":true,"href":"https:\/\/www.foodmagazine.ma\/index.php?rest_route=\/wp\/v2\/media\/6997"}],"wp:attachment":[{"href":"https:\/\/www.foodmagazine.ma\/index.php?rest_route=%2Fwp%2Fv2%2Fmedia&parent=6996"}],"wp:term":[{"taxonomy":"category","embeddable":true,"href":"https:\/\/www.foodmagazine.ma\/index.php?rest_route=%2Fwp%2Fv2%2Fcategories&post=6996"},{"taxonomy":"post_tag","embeddable":true,"href":"https:\/\/www.foodmagazine.ma\/index.php?rest_route=%2Fwp%2Fv2%2Ftags&post=6996"}],"curies":[{"name":"wp","href":"https:\/\/api.w.org\/{rel}","templated":true}]}}