{"id":7099,"date":"2023-01-24T11:20:11","date_gmt":"2023-01-24T10:20:11","guid":{"rendered":"https:\/\/www.foodmagazine.ma\/?p=7099"},"modified":"2023-01-24T11:20:13","modified_gmt":"2023-01-24T10:20:13","slug":"participation-du-maroc-au-15eme-forum-mondial-pour-lalimentation-organise-a-berlin","status":"publish","type":"post","link":"https:\/\/www.foodmagazine.ma\/?p=7099","title":{"rendered":"Participation du Maroc au 15\u00e8me Forum mondial pour l\u2019alimentation organis\u00e9 \u00e0 Berlin"},"content":{"rendered":"\n<figure class=\"wp-block-image size-full\"><img loading=\"lazy\" decoding=\"async\" width=\"1000\" height=\"674\" src=\"https:\/\/www.foodmagazine.ma\/wp-content\/uploads\/2023\/01\/WhatsApp-Image-2023-01-21-at-19.03.jpg\" alt=\"\" class=\"wp-image-7100\" srcset=\"https:\/\/www.foodmagazine.ma\/wp-content\/uploads\/2023\/01\/WhatsApp-Image-2023-01-21-at-19.03.jpg 1000w, https:\/\/www.foodmagazine.ma\/wp-content\/uploads\/2023\/01\/WhatsApp-Image-2023-01-21-at-19.03-300x202.jpg 300w, https:\/\/www.foodmagazine.ma\/wp-content\/uploads\/2023\/01\/WhatsApp-Image-2023-01-21-at-19.03-768x518.jpg 768w, https:\/\/www.foodmagazine.ma\/wp-content\/uploads\/2023\/01\/WhatsApp-Image-2023-01-21-at-19.03-110x75.jpg 110w\" sizes=\"auto, (max-width: 1000px) 100vw, 1000px\" \/><\/figure>\n\n\n\n<p>Mohammed Sadiki, ministre de l\u2019agriculture, de la p\u00eache maritime, du d\u00e9veloppement Rural et des eaux et for\u00eats (MAPMDREF), a pris part \u00e0 la 15<sup>\u00e8me<\/sup> conf\u00e9rence des ministres de l\u2019agriculture de Berlin qui a eu lieu le 21 janvier 2023.<\/p>\n\n\n\n<p>Organis\u00e9e dans le cadre du 15<sup>\u00e8me<\/sup> Forum mondial pour l\u2019alimentation et l\u2019agriculture (GFFA), cette conf\u00e9rence avait pour objectif d\u2019\u00e9laborer les solutions communes possibles et d&#8217;explorer en partenariat les voies de la coop\u00e9ration internationale et nationale autour des sujets li\u00e9s aux syst\u00e8mes alimentaires.<\/p>\n\n\n\n<p>Ainsi, dans son allocution, M. Sadiki a pr\u00e9sent\u00e9 les acquis du Maroc dans le domaine agricole qui seront consolid\u00e9s et renforc\u00e9s dans le cadre de la strat\u00e9gie G\u00e9n\u00e9ration Green 2020-2030, avant de souligner le d\u00e9veloppement de la coop\u00e9ration sud-sud du Royaume. Il a par la suite expliqu\u00e9 que le Maroc a d\u00e9velopp\u00e9 dans le cadre de cette coop\u00e9ration, une vision ax\u00e9e sur le partage des exp\u00e9riences r\u00e9ussies de d\u00e9veloppement agricole avec les pays africains partenaires, en vue notamment, de contribuer \u00e0 l\u2019atteinte des objectifs de d\u00e9veloppement durable 1 et 2, notamment l\u2019\u00e9limination de la pauvret\u00e9 et de la faim, assurer la s\u00e9curit\u00e9 alimentaire, am\u00e9liorer la nutrition et promouvoir l\u2019agriculture et la p\u00eache durable.<\/p>\n\n\n\n<p>Pour rappel, ce forum regroupant plus de 70 ministres, est tenu tous les ans depuis 2009 dans le cadre de la semaine verte internationale. Cette 15<sup>\u00e8me<\/sup> \u00e9dition avait pour th\u00e9matique \u00ab&nbsp;Transformer les syst\u00e8mes alimentaires : Une r\u00e9ponse mondiale aux crises multiples&nbsp;\u00bb.<\/p>\n\n\n\n<p>M. Sadiki s\u2019est entretenu en marge de cet \u00e9v\u00e8nement, avec plusieurs de ses homologues, notamment le ministre de l\u2019agriculture espagnol, le ministre de l\u2019agriculture et du d\u00e9veloppement rural de C\u00f4te d\u2019Ivoire, le ministre de l\u2019agriculture du Kenya et la secr\u00e9taire d&#8217;\u00e9tat au minist\u00e8re f\u00e9d\u00e9ral de l&#8217;alimentation et de l&#8217;agriculture allemand.<\/p>\n","protected":false},"excerpt":{"rendered":"<p>Mohammed Sadiki, ministre de l\u2019agriculture, de la p\u00eache maritime, du d\u00e9veloppement Rural et des eaux et for\u00eats (MAPMDREF), a pris part \u00e0 la 15\u00e8me conf\u00e9rence des ministres de l\u2019agriculture de Berlin qui a eu lieu le 21 janvier 2023. Organis\u00e9e dans le cadre du 15\u00e8me Forum mondial pour l\u2019alimentation et l\u2019agriculture (GFFA), cette conf\u00e9rence avait &hellip;<\/p>\n","protected":false},"author":1,"featured_media":7100,"comment_status":"open","ping_status":"closed","sticky":false,"template":"","format":"standard","meta":{"footnotes":""},"categories":[6,2],"tags":[],"class_list":["post-7099","post","type-post","status-publish","format-standard","has-post-thumbnail","","category-a-la-une","category-actus-maroc"],"aioseo_notices":[],"_links":{"self":[{"href":"https:\/\/www.foodmagazine.ma\/index.php?rest_route=\/wp\/v2\/posts\/7099","targetHints":{"allow":["GET"]}}],"collection":[{"href":"https:\/\/www.foodmagazine.ma\/index.php?rest_route=\/wp\/v2\/posts"}],"about":[{"href":"https:\/\/www.foodmagazine.ma\/index.php?rest_route=\/wp\/v2\/types\/post"}],"author":[{"embeddable":true,"href":"https:\/\/www.foodmagazine.ma\/index.php?rest_route=\/wp\/v2\/users\/1"}],"replies":[{"embeddable":true,"href":"https:\/\/www.foodmagazine.ma\/index.php?rest_route=%2Fwp%2Fv2%2Fcomments&post=7099"}],"version-history":[{"count":1,"href":"https:\/\/www.foodmagazine.ma\/index.php?rest_route=\/wp\/v2\/posts\/7099\/revisions"}],"predecessor-version":[{"id":7101,"href":"https:\/\/www.foodmagazine.ma\/index.php?rest_route=\/wp\/v2\/posts\/7099\/revisions\/7101"}],"wp:featuredmedia":[{"embeddable":true,"href":"https:\/\/www.foodmagazine.ma\/index.php?rest_route=\/wp\/v2\/media\/7100"}],"wp:attachment":[{"href":"https:\/\/www.foodmagazine.ma\/index.php?rest_route=%2Fwp%2Fv2%2Fmedia&parent=7099"}],"wp:term":[{"taxonomy":"category","embeddable":true,"href":"https:\/\/www.foodmagazine.ma\/index.php?rest_route=%2Fwp%2Fv2%2Fcategories&post=7099"},{"taxonomy":"post_tag","embeddable":true,"href":"https:\/\/www.foodmagazine.ma\/index.php?rest_route=%2Fwp%2Fv2%2Ftags&post=7099"}],"curies":[{"name":"wp","href":"https:\/\/api.w.org\/{rel}","templated":true}]}}