{"id":7175,"date":"2023-02-14T14:26:00","date_gmt":"2023-02-14T13:26:00","guid":{"rendered":"https:\/\/www.foodmagazine.ma\/?p=7175"},"modified":"2023-02-14T17:11:04","modified_gmt":"2023-02-14T16:11:04","slug":"lusine-centrale-danone-de-meknes-enchaine-les-distinctions","status":"publish","type":"post","link":"https:\/\/www.foodmagazine.ma\/?p=7175","title":{"rendered":"L\u2019usine Centrale Danone de Mekn\u00e8s encha\u00eene les distinctions !"},"content":{"rendered":"\n<figure class=\"wp-block-image size-full\"><img loading=\"lazy\" decoding=\"async\" width=\"1000\" height=\"631\" src=\"https:\/\/www.foodmagazine.ma\/wp-content\/uploads\/2023\/02\/danone.jpg\" alt=\"\" class=\"wp-image-7176\" srcset=\"https:\/\/www.foodmagazine.ma\/wp-content\/uploads\/2023\/02\/danone.jpg 1000w, https:\/\/www.foodmagazine.ma\/wp-content\/uploads\/2023\/02\/danone-300x189.jpg 300w, https:\/\/www.foodmagazine.ma\/wp-content\/uploads\/2023\/02\/danone-768x485.jpg 768w\" sizes=\"auto, (max-width: 1000px) 100vw, 1000px\" \/><\/figure>\n\n\n\n<p>Apr\u00e8s avoir remport\u00e9 le 1<sup>er<\/sup> prix d\u2019architecture dans la cat\u00e9gorie&nbsp;: \u00ab&nbsp;Usines Industrielles et Agroalimentaires&nbsp;\u00bb, lors de la comp\u00e9tition d\u2019architecture britannique des International Property Awards 2022 organis\u00e9e \u00e0 Duba\u00ef, l\u2019usine Centrale Danone de Mekn\u00e8s s\u2019est vu attribuer le prix du meilleur projet architectural en Afrique dans cette m\u00eame comp\u00e9tition.<\/p>\n\n\n\n<p>\u00c0 cette occasion Nathalie Alquier, PDG de Centrale Danone d\u00e9clare\u00a0:\u00a0\u00ab\u00a0<em>ce projet s\u2019inscrit dans le cadre d\u2019une dynamique d\u2019investissements industriels entrepris par Centrale Danone ax\u00e9s sur le d\u00e9veloppement durable et les \u00e9nergies renouvelables, en ligne avec la strat\u00e9gie du Groupe en mati\u00e8re de protection de l\u2019environnement et de r\u00e9duction des \u00e9missions de m\u00e9thane \u00e0 l\u2019horizon 2030. L\u2019usine de Mekn\u00e8s qui vient de remporter deux prix successifs, a \u00e9t\u00e9 r\u00e9nov\u00e9e avec un objectif de renforcer son empreinte \u00e9cologique. Gr\u00e2ce \u00e0 ses installations, M\u00e9thaniseur et Biomasse, l\u2019usine atteint 52% des \u00e9nergies renouvelables. Actuellement, l\u2019\u00e9nergie thermique produite sur le site repr\u00e9sente 90% des \u00e9nergies provenant de source green.<\/em>\u00a0\u00bb<\/p>\n\n\n\n<p>Pour rappel, ce projet de mise \u00e0 niveau dont la vocation industrielle a \u00e9t\u00e9 con\u00e7ue dans une approche \u00e9coresponsable, se d\u00e9ploie sur un terrain de 45 000 m\u00b2, et sur une surface couverte de 10 055 m\u00b2, \u00e0 travers un syst\u00e8me constructif combinant structures m\u00e9talliques et b\u00e9ton arm\u00e9, comprenant ainsi des unit\u00e9s de production, de stockage et de logistique, autant qu\u2019une station biomasse et un digesteur produisant du bio-m\u00e9thane qui garantit une durabilit\u00e9 escompt\u00e9e dans le cadre du respect de l\u2019environnement.<\/p>\n\n\n\n<p>De son c\u00f4t\u00e9, Jamal El Karkouri, architecte et fondateur de l\u2019Agence Ej en charge de ce projet, indique&nbsp;:&nbsp;\u00ab&nbsp;<em>je souhaite remercier Centrale Danone, que nous accompagnons depuis plusieurs ann\u00e9es, de sa confiance. Nous avons travaill\u00e9 sur un projet ambitieux, qui est aujourd\u2019hui doublement prim\u00e9 dans une des plus grandes comp\u00e9titions mondiales d\u2019architecture. C\u2019est une immense fiert\u00e9 pour moi et pour mon agence d\u2019\u00eatre ainsi distingu\u00e9s<\/em>&nbsp;\u00bb<\/p>\n","protected":false},"excerpt":{"rendered":"<p>Apr\u00e8s avoir remport\u00e9 le 1er prix d\u2019architecture dans la cat\u00e9gorie&nbsp;: \u00ab&nbsp;Usines Industrielles et Agroalimentaires&nbsp;\u00bb, lors de la comp\u00e9tition d\u2019architecture britannique des International Property Awards 2022 organis\u00e9e \u00e0 Duba\u00ef, l\u2019usine Centrale Danone de Mekn\u00e8s s\u2019est vu attribuer le prix du meilleur projet architectural en Afrique dans cette m\u00eame comp\u00e9tition. \u00c0 cette occasion Nathalie Alquier, PDG de &hellip;<\/p>\n","protected":false},"author":1,"featured_media":7176,"comment_status":"open","ping_status":"closed","sticky":false,"template":"","format":"standard","meta":{"footnotes":""},"categories":[6,2],"tags":[],"class_list":["post-7175","post","type-post","status-publish","format-standard","has-post-thumbnail","","category-a-la-une","category-actus-maroc"],"aioseo_notices":[],"_links":{"self":[{"href":"https:\/\/www.foodmagazine.ma\/index.php?rest_route=\/wp\/v2\/posts\/7175","targetHints":{"allow":["GET"]}}],"collection":[{"href":"https:\/\/www.foodmagazine.ma\/index.php?rest_route=\/wp\/v2\/posts"}],"about":[{"href":"https:\/\/www.foodmagazine.ma\/index.php?rest_route=\/wp\/v2\/types\/post"}],"author":[{"embeddable":true,"href":"https:\/\/www.foodmagazine.ma\/index.php?rest_route=\/wp\/v2\/users\/1"}],"replies":[{"embeddable":true,"href":"https:\/\/www.foodmagazine.ma\/index.php?rest_route=%2Fwp%2Fv2%2Fcomments&post=7175"}],"version-history":[{"count":2,"href":"https:\/\/www.foodmagazine.ma\/index.php?rest_route=\/wp\/v2\/posts\/7175\/revisions"}],"predecessor-version":[{"id":7180,"href":"https:\/\/www.foodmagazine.ma\/index.php?rest_route=\/wp\/v2\/posts\/7175\/revisions\/7180"}],"wp:featuredmedia":[{"embeddable":true,"href":"https:\/\/www.foodmagazine.ma\/index.php?rest_route=\/wp\/v2\/media\/7176"}],"wp:attachment":[{"href":"https:\/\/www.foodmagazine.ma\/index.php?rest_route=%2Fwp%2Fv2%2Fmedia&parent=7175"}],"wp:term":[{"taxonomy":"category","embeddable":true,"href":"https:\/\/www.foodmagazine.ma\/index.php?rest_route=%2Fwp%2Fv2%2Fcategories&post=7175"},{"taxonomy":"post_tag","embeddable":true,"href":"https:\/\/www.foodmagazine.ma\/index.php?rest_route=%2Fwp%2Fv2%2Ftags&post=7175"}],"curies":[{"name":"wp","href":"https:\/\/api.w.org\/{rel}","templated":true}]}}