{"id":7193,"date":"2023-02-20T14:40:02","date_gmt":"2023-02-20T13:40:02","guid":{"rendered":"https:\/\/www.foodmagazine.ma\/?p=7193"},"modified":"2023-02-20T14:40:03","modified_gmt":"2023-02-20T13:40:03","slug":"coalma-18eme-reunion-du-comite-de-coordination","status":"publish","type":"post","link":"https:\/\/www.foodmagazine.ma\/?p=7193","title":{"rendered":"COALMA : 18\u00e8me r\u00e9union du comit\u00e9 de coordination"},"content":{"rendered":"\n<figure class=\"wp-block-image size-full\"><img loading=\"lazy\" decoding=\"async\" width=\"1000\" height=\"450\" src=\"https:\/\/www.foodmagazine.ma\/wp-content\/uploads\/2023\/02\/coalma.jpg\" alt=\"\" class=\"wp-image-7194\" srcset=\"https:\/\/www.foodmagazine.ma\/wp-content\/uploads\/2023\/02\/coalma.jpg 1000w, https:\/\/www.foodmagazine.ma\/wp-content\/uploads\/2023\/02\/coalma-300x135.jpg 300w, https:\/\/www.foodmagazine.ma\/wp-content\/uploads\/2023\/02\/coalma-768x346.jpg 768w\" sizes=\"auto, (max-width: 1000px) 100vw, 1000px\" \/><\/figure>\n\n\n\n<p>La Coalition Marocaine pour l&#8217;Eau \u00ab COALMA \u00bb, association \u00e0 but non lucratif de droit marocain, cr\u00e9\u00e9e en octobre 2016 en amont de la COP22 \u00e0 Marrakech, a organis\u00e9 le 8 f\u00e9vrier 2023 au si\u00e8ge de la Conf\u00e9d\u00e9ration G\u00e9n\u00e9rale des Entreprises du Maroc (CGEM), son 18<sup>\u00e8me <\/sup>comit\u00e9 de coordination afin de faire le bilan de l\u2019ann\u00e9e \u00e9coul\u00e9e et de tracer les grands axes du programme d\u2019action 2023-2025.<\/p>\n\n\n\n<p>Lors de cette r\u00e9union, les membres se sont f\u00e9licit\u00e9s des r\u00e9alisations de COALMA ainsi que de la qualit\u00e9 du travail r\u00e9alis\u00e9 notamment en 2022, malgr\u00e9 la limite des moyens dont elle dispose.&nbsp;<\/p>\n\n\n\n<p>Pour rappel, en 2022, COALMA a poursuivi au Maroc la mobilisation des acteurs publics et priv\u00e9s de l\u2019eau et de l\u2019assainissement dans le cadre de son concept innovant de conf\u00e9rences-visites, lanc\u00e9 depuis 2018, pour le partage d\u2019exp\u00e9riences et la valorisation des bonnes pratiques adopt\u00e9es par ses membres. Par ailleurs, cette coalition a \u00e9galement co-organis\u00e9e, dans le cadre de la 7<sup>\u00e8me<\/sup> \u00e9dition du Salon international des technologies de l\u2019eau et de l\u2019assainissement, la conf\u00e9rence internationale sur le th\u00e8me : \u00ab Eau, Territoires et Durabilit\u00e9 \u00bb ainsi qu\u2019un dialogue interg\u00e9n\u00e9rationnel rassemblant aussi bien de jeunes \u00e9tudiants que des experts seniors en activit\u00e9 ou non, afin de d\u00e9battre chacun de son point de vue sur le th\u00e8me de la conf\u00e9rence.<\/p>\n\n\n\n<p>Au niveau mondial, la COALMA a contribu\u00e9 \u00e0 renforcer le leadership et le rayonnement du Maroc en mati\u00e8re de gouvernance et de gestion rationnelle de la ressource en eau, par sa pr\u00e9sence aux c\u00f4t\u00e9s des institutions publiques et priv\u00e9s marocaines lors du 9<sup>\u00e8me<\/sup> Forum Mondial de l\u2019Eau de Dakar en partageant l\u2019exp\u00e9rience du Maroc en la mati\u00e8re. Elle y a organis\u00e9 plusieurs \u00ab side events \u00bb traitant notamment de l\u2019op\u00e9rationnalisation de la gestion des risques des ressources en eau au niveau des territoires, ainsi que du droit \u00e0 l\u2019eau comme un vaste champ pour les droits de l\u2019Homme en Afrique et ce, en partenariat avec le Conseil National des Droits de l\u2019Homme du Maroc.<\/p>\n","protected":false},"excerpt":{"rendered":"<p>La Coalition Marocaine pour l&#8217;Eau \u00ab COALMA \u00bb, association \u00e0 but non lucratif de droit marocain, cr\u00e9\u00e9e en octobre 2016 en amont de la COP22 \u00e0 Marrakech, a organis\u00e9 le 8 f\u00e9vrier 2023 au si\u00e8ge de la Conf\u00e9d\u00e9ration G\u00e9n\u00e9rale des Entreprises du Maroc (CGEM), son 18\u00e8me comit\u00e9 de coordination afin de faire le bilan de &hellip;<\/p>\n","protected":false},"author":1,"featured_media":7194,"comment_status":"open","ping_status":"closed","sticky":false,"template":"","format":"standard","meta":{"footnotes":""},"categories":[6,2],"tags":[],"class_list":["post-7193","post","type-post","status-publish","format-standard","has-post-thumbnail","","category-a-la-une","category-actus-maroc"],"aioseo_notices":[],"_links":{"self":[{"href":"https:\/\/www.foodmagazine.ma\/index.php?rest_route=\/wp\/v2\/posts\/7193","targetHints":{"allow":["GET"]}}],"collection":[{"href":"https:\/\/www.foodmagazine.ma\/index.php?rest_route=\/wp\/v2\/posts"}],"about":[{"href":"https:\/\/www.foodmagazine.ma\/index.php?rest_route=\/wp\/v2\/types\/post"}],"author":[{"embeddable":true,"href":"https:\/\/www.foodmagazine.ma\/index.php?rest_route=\/wp\/v2\/users\/1"}],"replies":[{"embeddable":true,"href":"https:\/\/www.foodmagazine.ma\/index.php?rest_route=%2Fwp%2Fv2%2Fcomments&post=7193"}],"version-history":[{"count":1,"href":"https:\/\/www.foodmagazine.ma\/index.php?rest_route=\/wp\/v2\/posts\/7193\/revisions"}],"predecessor-version":[{"id":7195,"href":"https:\/\/www.foodmagazine.ma\/index.php?rest_route=\/wp\/v2\/posts\/7193\/revisions\/7195"}],"wp:featuredmedia":[{"embeddable":true,"href":"https:\/\/www.foodmagazine.ma\/index.php?rest_route=\/wp\/v2\/media\/7194"}],"wp:attachment":[{"href":"https:\/\/www.foodmagazine.ma\/index.php?rest_route=%2Fwp%2Fv2%2Fmedia&parent=7193"}],"wp:term":[{"taxonomy":"category","embeddable":true,"href":"https:\/\/www.foodmagazine.ma\/index.php?rest_route=%2Fwp%2Fv2%2Fcategories&post=7193"},{"taxonomy":"post_tag","embeddable":true,"href":"https:\/\/www.foodmagazine.ma\/index.php?rest_route=%2Fwp%2Fv2%2Ftags&post=7193"}],"curies":[{"name":"wp","href":"https:\/\/api.w.org\/{rel}","templated":true}]}}