{"id":7276,"date":"2023-03-15T14:37:10","date_gmt":"2023-03-15T13:37:10","guid":{"rendered":"https:\/\/www.foodmagazine.ma\/?p=7276"},"modified":"2023-03-15T14:37:12","modified_gmt":"2023-03-15T13:37:12","slug":"organisation-de-la-10eme-edition-de-la-journee-nationale-du-consommateur","status":"publish","type":"post","link":"https:\/\/www.foodmagazine.ma\/?p=7276","title":{"rendered":"Organisation de la 10\u00e8me \u00e9dition de la journ\u00e9e nationale du consommateur"},"content":{"rendered":"\n<figure class=\"wp-block-image size-full\"><img loading=\"lazy\" decoding=\"async\" width=\"1000\" height=\"637\" src=\"https:\/\/www.foodmagazine.ma\/wp-content\/uploads\/2023\/03\/consommateur.jpg\" alt=\"\" class=\"wp-image-7277\" srcset=\"https:\/\/www.foodmagazine.ma\/wp-content\/uploads\/2023\/03\/consommateur.jpg 1000w, https:\/\/www.foodmagazine.ma\/wp-content\/uploads\/2023\/03\/consommateur-300x191.jpg 300w, https:\/\/www.foodmagazine.ma\/wp-content\/uploads\/2023\/03\/consommateur-768x489.jpg 768w\" sizes=\"auto, (max-width: 1000px) 100vw, 1000px\" \/><\/figure>\n\n\n\n<p>\u00c0 l\u2019occasion de la journ\u00e9e mondiale du consommateur c\u00e9l\u00e9br\u00e9e chaque 15 mars, le minist\u00e8re de l\u2019Industrie et du commerce organise le 15 mars 2023 \u00e0 Rabat, la 10<sup>\u00e8me<\/sup> \u00e9dition de la journ\u00e9e nationale du consommateur, sous le th\u00e8me\u00a0\u00ab\u00a0Le consommateur marocain au c\u0153ur de la strat\u00e9gie du d\u00e9veloppement du produit local.\u00a0\u00bb<\/p>\n\n\n\n<p>Avec pour objectif de mettre en avant les attentes de la soci\u00e9t\u00e9 civile en mati\u00e8re de promotion du produit \u00ab Made in Morocco \u00bb, cet \u00e9v\u00e8nement, organis\u00e9 en collaboration avec les f\u00e9d\u00e9rations des associations de protection du consommateur et les d\u00e9partements minist\u00e9riels concern\u00e9s par l\u2019application de la loi n\u00b0 31-08 \u00e9dictant des mesures de protection du consommateur, sera aussi l\u2019occasion de communiquer autour des avanc\u00e9es r\u00e9alis\u00e9es en mati\u00e8re de protection du consommateur et dur\u00f4le que devrait jouer l\u2019ensemble de ces acteurs dans l\u2019application et le respect de la r\u00e9glementation en vigueur.<\/p>\n","protected":false},"excerpt":{"rendered":"<p>\u00c0 l\u2019occasion de la journ\u00e9e mondiale du consommateur c\u00e9l\u00e9br\u00e9e chaque 15 mars, le minist\u00e8re de l\u2019Industrie et du commerce organise le 15 mars 2023 \u00e0 Rabat, la 10\u00e8me \u00e9dition de la journ\u00e9e nationale du consommateur, sous le th\u00e8me\u00a0\u00ab\u00a0Le consommateur marocain au c\u0153ur de la strat\u00e9gie du d\u00e9veloppement du produit local.\u00a0\u00bb Avec pour objectif de mettre &hellip;<\/p>\n","protected":false},"author":1,"featured_media":7277,"comment_status":"open","ping_status":"closed","sticky":false,"template":"","format":"standard","meta":{"footnotes":""},"categories":[6,2],"tags":[],"class_list":["post-7276","post","type-post","status-publish","format-standard","has-post-thumbnail","","category-a-la-une","category-actus-maroc"],"aioseo_notices":[],"_links":{"self":[{"href":"https:\/\/www.foodmagazine.ma\/index.php?rest_route=\/wp\/v2\/posts\/7276","targetHints":{"allow":["GET"]}}],"collection":[{"href":"https:\/\/www.foodmagazine.ma\/index.php?rest_route=\/wp\/v2\/posts"}],"about":[{"href":"https:\/\/www.foodmagazine.ma\/index.php?rest_route=\/wp\/v2\/types\/post"}],"author":[{"embeddable":true,"href":"https:\/\/www.foodmagazine.ma\/index.php?rest_route=\/wp\/v2\/users\/1"}],"replies":[{"embeddable":true,"href":"https:\/\/www.foodmagazine.ma\/index.php?rest_route=%2Fwp%2Fv2%2Fcomments&post=7276"}],"version-history":[{"count":1,"href":"https:\/\/www.foodmagazine.ma\/index.php?rest_route=\/wp\/v2\/posts\/7276\/revisions"}],"predecessor-version":[{"id":7278,"href":"https:\/\/www.foodmagazine.ma\/index.php?rest_route=\/wp\/v2\/posts\/7276\/revisions\/7278"}],"wp:featuredmedia":[{"embeddable":true,"href":"https:\/\/www.foodmagazine.ma\/index.php?rest_route=\/wp\/v2\/media\/7277"}],"wp:attachment":[{"href":"https:\/\/www.foodmagazine.ma\/index.php?rest_route=%2Fwp%2Fv2%2Fmedia&parent=7276"}],"wp:term":[{"taxonomy":"category","embeddable":true,"href":"https:\/\/www.foodmagazine.ma\/index.php?rest_route=%2Fwp%2Fv2%2Fcategories&post=7276"},{"taxonomy":"post_tag","embeddable":true,"href":"https:\/\/www.foodmagazine.ma\/index.php?rest_route=%2Fwp%2Fv2%2Ftags&post=7276"}],"curies":[{"name":"wp","href":"https:\/\/api.w.org\/{rel}","templated":true}]}}