{"id":7460,"date":"2023-05-09T08:52:26","date_gmt":"2023-05-09T07:52:26","guid":{"rendered":"https:\/\/www.foodmagazine.ma\/?p=7460"},"modified":"2023-05-09T08:52:29","modified_gmt":"2023-05-09T07:52:29","slug":"le-pole-digital-de-lagriculture-signe-une-convention-avec-sowit-maroc-pour-lexploitation-des-technologies-digitales-en-agriculture-de-precision","status":"publish","type":"post","link":"https:\/\/www.foodmagazine.ma\/?p=7460","title":{"rendered":"Le P\u00f4le Digital de l&#8217;Agriculture signe une convention avec SOWIT Maroc pour l&#8217;exploitation des technologies digitales en agriculture de pr\u00e9cision"},"content":{"rendered":"\n<figure class=\"wp-block-image size-full\"><img loading=\"lazy\" decoding=\"async\" width=\"1000\" height=\"667\" src=\"https:\/\/www.foodmagazine.ma\/wp-content\/uploads\/2023\/05\/convention-pole-digital.jpg\" alt=\"\" class=\"wp-image-7461\" srcset=\"https:\/\/www.foodmagazine.ma\/wp-content\/uploads\/2023\/05\/convention-pole-digital.jpg 1000w, https:\/\/www.foodmagazine.ma\/wp-content\/uploads\/2023\/05\/convention-pole-digital-300x200.jpg 300w, https:\/\/www.foodmagazine.ma\/wp-content\/uploads\/2023\/05\/convention-pole-digital-768x512.jpg 768w\" sizes=\"auto, (max-width: 1000px) 100vw, 1000px\" \/><\/figure>\n\n\n\n<p>Mohammed Sadiki, le Ministre de l&#8217;Agriculture, de la P\u00eache Maritime, du D\u00e9veloppement Rural et des Eaux et For\u00eats, a pr\u00e9sid\u00e9 la signature de conventions lors de la conf\u00e9rence organis\u00e9e par le P\u00f4le Digital sous le th\u00e8me : \u00ab Les start-ups de l\u2019Agri-Tech et le P\u00f4le Digital, acteurs agiles de la digitalisation de l\u2019Agriculture, au Maroc \u00bb, qui s&#8217;est tenue le 3 mai. Les accords ont \u00e9t\u00e9 conclus entre le P\u00f4le Digital de l&#8217;Agriculture, de la For\u00eat et de l&#8217;Observatoire de la S\u00e9cheresse et des partenaires strat\u00e9giques op\u00e9rant dans le domaine de l&#8217;agriculture num\u00e9rique.<\/p>\n\n\n\n<p>La premi\u00e8re convention a \u00e9t\u00e9 sign\u00e9e entre le P\u00f4le Digital de l&#8217;Agriculture, de la For\u00eat et de l&#8217;Observatoire de la S\u00e9cheresse, repr\u00e9sent\u00e9 par sa Directrice, la Professeure Loubna El Mansouri, et la F\u00e9d\u00e9ration Interprofessionnelle Marocaine du Sucre (FIMASUCRE), repr\u00e9sent\u00e9e par son Pr\u00e9sident, Hassan Mounir. Cette convention vise \u00e0 d\u00e9finir les modalit\u00e9s et les conditions g\u00e9n\u00e9rales de collaboration entre la FIMASUCRE et le P\u00f4le Digital dans les domaines de l&#8217;agriculture num\u00e9rique et de l&#8217;agriculture 4.0, notamment en ce qui concerne la mise en place et la r\u00e9alisation de projets pilotes en mati\u00e8re de services \u00e9lectroniques 4.0 pour la fili\u00e8re sucri\u00e8re.<\/p>\n\n\n\n<p>La deuxi\u00e8me convention a \u00e9t\u00e9 sign\u00e9e entre le P\u00f4le Digital de l&#8217;Agriculture, de la For\u00eat et de l&#8217;Observatoire de la S\u00e9cheresse, repr\u00e9sent\u00e9 par sa Directrice, Loubna El Mansouri, et SOWIT Maroc, repr\u00e9sent\u00e9 par son Pr\u00e9sident Directeur G\u00e9n\u00e9ral, Hamza Rkha Chaham. L&#8217;objectif de cette convention est de d\u00e9velopper un partenariat pour l&#8217;exploitation des technologies num\u00e9riques en mati\u00e8re d&#8217;agriculture de pr\u00e9cision, en se concentrant sur deux axes principaux : (i) l\u2019exploitation des drones de pulv\u00e9risation Ultra Bas Volume et la production de fiches techniques norm\u00e9es&nbsp; (ii) le d\u00e9veloppement de services \u00e9lectroniques agricoles bas\u00e9s sur l&#8217;utilisation de drones, de satellites, de l&#8217;internet des objets (IoT) et de l&#8217;intelligence artificielle.<\/p>\n\n\n\n<p>Par ailleurs, une convention avait \u00e9t\u00e9 sign\u00e9e entre le P\u00f4le Digital et l&#8217;Agri-EPI Centre du Royaume-Uni, repr\u00e9sent\u00e9 par sa Directrice du D\u00e9veloppement des Activit\u00e9s \u00e0 l&#8217;International, Madame Jane Lycett, le 2 mai 2023, pendant le SIAM \u00e0 l&#8217;issue du Forum sur la coop\u00e9ration Maroc-Royaume Uni. Cette convention vise \u00e0 mettre en place un cadre de partenariat pour tester et adapter les solutions de l&#8217;agri-tech du Royaume-Uni au contexte marocain, en utilisant le r\u00e9seau de fermes num\u00e9riques du P\u00f4le Digital, et \u00e0 faciliter l&#8217;acc\u00e8s du march\u00e9 de l&#8217;agri-tech marocaine au Royaume-Uni gr\u00e2ce aux infrastructures, aux r\u00e9seaux et \u00e0 l&#8217;expertise de l&#8217;Agri-EPI Centre.<\/p>\n","protected":false},"excerpt":{"rendered":"<p>Mohammed Sadiki, le Ministre de l&#8217;Agriculture, de la P\u00eache Maritime, du D\u00e9veloppement Rural et des Eaux et For\u00eats, a pr\u00e9sid\u00e9 la signature de conventions lors de la conf\u00e9rence organis\u00e9e par le P\u00f4le Digital sous le th\u00e8me : \u00ab Les start-ups de l\u2019Agri-Tech et le P\u00f4le Digital, acteurs agiles de la digitalisation de l\u2019Agriculture, au Maroc &hellip;<\/p>\n","protected":false},"author":1,"featured_media":7461,"comment_status":"open","ping_status":"closed","sticky":false,"template":"","format":"standard","meta":{"footnotes":""},"categories":[6,2],"tags":[],"class_list":["post-7460","post","type-post","status-publish","format-standard","has-post-thumbnail","","category-a-la-une","category-actus-maroc"],"aioseo_notices":[],"_links":{"self":[{"href":"https:\/\/www.foodmagazine.ma\/index.php?rest_route=\/wp\/v2\/posts\/7460","targetHints":{"allow":["GET"]}}],"collection":[{"href":"https:\/\/www.foodmagazine.ma\/index.php?rest_route=\/wp\/v2\/posts"}],"about":[{"href":"https:\/\/www.foodmagazine.ma\/index.php?rest_route=\/wp\/v2\/types\/post"}],"author":[{"embeddable":true,"href":"https:\/\/www.foodmagazine.ma\/index.php?rest_route=\/wp\/v2\/users\/1"}],"replies":[{"embeddable":true,"href":"https:\/\/www.foodmagazine.ma\/index.php?rest_route=%2Fwp%2Fv2%2Fcomments&post=7460"}],"version-history":[{"count":1,"href":"https:\/\/www.foodmagazine.ma\/index.php?rest_route=\/wp\/v2\/posts\/7460\/revisions"}],"predecessor-version":[{"id":7462,"href":"https:\/\/www.foodmagazine.ma\/index.php?rest_route=\/wp\/v2\/posts\/7460\/revisions\/7462"}],"wp:featuredmedia":[{"embeddable":true,"href":"https:\/\/www.foodmagazine.ma\/index.php?rest_route=\/wp\/v2\/media\/7461"}],"wp:attachment":[{"href":"https:\/\/www.foodmagazine.ma\/index.php?rest_route=%2Fwp%2Fv2%2Fmedia&parent=7460"}],"wp:term":[{"taxonomy":"category","embeddable":true,"href":"https:\/\/www.foodmagazine.ma\/index.php?rest_route=%2Fwp%2Fv2%2Fcategories&post=7460"},{"taxonomy":"post_tag","embeddable":true,"href":"https:\/\/www.foodmagazine.ma\/index.php?rest_route=%2Fwp%2Fv2%2Ftags&post=7460"}],"curies":[{"name":"wp","href":"https:\/\/api.w.org\/{rel}","templated":true}]}}