{"id":7466,"date":"2023-05-09T08:56:45","date_gmt":"2023-05-09T07:56:45","guid":{"rendered":"https:\/\/www.foodmagazine.ma\/?p=7466"},"modified":"2023-05-09T08:56:47","modified_gmt":"2023-05-09T07:56:47","slug":"la-cada-voit-le-jour-au-salon-international-de-lagriculture-du-maroc-a-meknes","status":"publish","type":"post","link":"https:\/\/www.foodmagazine.ma\/?p=7466","title":{"rendered":"La CADA voit le jour au Salon International de l&#8217;Agriculture du Maroc \u00e0 Mekn\u00e8s"},"content":{"rendered":"\n<figure class=\"wp-block-image size-full\"><img loading=\"lazy\" decoding=\"async\" width=\"1000\" height=\"666\" src=\"https:\/\/www.foodmagazine.ma\/wp-content\/uploads\/2023\/05\/WhatsApp-Image-2023-05-04-at-13.52.01.jpg\" alt=\"\" class=\"wp-image-7467\" srcset=\"https:\/\/www.foodmagazine.ma\/wp-content\/uploads\/2023\/05\/WhatsApp-Image-2023-05-04-at-13.52.01.jpg 1000w, https:\/\/www.foodmagazine.ma\/wp-content\/uploads\/2023\/05\/WhatsApp-Image-2023-05-04-at-13.52.01-300x200.jpg 300w, https:\/\/www.foodmagazine.ma\/wp-content\/uploads\/2023\/05\/WhatsApp-Image-2023-05-04-at-13.52.01-768x511.jpg 768w, https:\/\/www.foodmagazine.ma\/wp-content\/uploads\/2023\/05\/WhatsApp-Image-2023-05-04-at-13.52.01-310x205.jpg 310w\" sizes=\"auto, (max-width: 1000px) 100vw, 1000px\" \/><\/figure>\n\n\n\n<p>La Conf\u00e9d\u00e9ration des Organisations Africaines pour le D\u00e9veloppement de l\u2019Aviculture (C.A.D.A.) a \u00e9t\u00e9 cr\u00e9\u00e9e suite \u00e0 la tenue de son Assembl\u00e9e G\u00e9n\u00e9rale Constitutive \u00e0 l&#8217;initiative de la F\u00e9d\u00e9ration Interprofessionnelle du Secteur Avicole au Maroc (FISA) et sous la pr\u00e9sidence de Mohammed Sadiki, ministre de l&#8217;Agriculture, de la P\u00eache Maritime, du D\u00e9veloppement Rural et des Eaux et For\u00eats, le jeudi 4 mai 2023 \u00e0 l&#8217;occasion de la 15<sup>\u00e8me<\/sup> \u00e9dition du Salon International de l&#8217;Agriculture du Maroc \u00e0 Mekn\u00e8s (SIAM 2023).<\/p>\n\n\n\n<p>17 pays, repr\u00e9sent\u00e9s chacun par son organisation professionnelle avicole nationale, ont particip\u00e9 \u00e0 cette Assembl\u00e9e G\u00e9n\u00e9rale Constitutive de la Conf\u00e9d\u00e9ration qui a pour objectif de cr\u00e9er une alliance entre les associations avicoles africaines pour promouvoir et d\u00e9velopper une aviculture moderne et durable en Afrique, valoriser les produits avicoles, contr\u00f4ler leur qualit\u00e9, et relever les d\u00e9fis de la comp\u00e9titivit\u00e9 internationale.<\/p>\n\n\n\n<p>La Conf\u00e9d\u00e9ration \u0153uvrera \u00e9galement pour la mise en place des organisations interprofessionnelles avicoles, leur accompagnement par la formation, la sensibilisation, l\u2019information, la communication et le renforcement de leurs capacit\u00e9s professionnelles et organisationnelles, ainsi que pour la d\u00e9fense des int\u00e9r\u00eats des acteurs africains de la fili\u00e8re avicole par la mise en \u0153uvre de programmes strat\u00e9giques.<\/p>\n\n\n\n<p>Le si\u00e8ge de la CADA sera bas\u00e9 au Maroc \u00e0 Casablanca, \u00e0 la demande de tous les membres fondateurs.<\/p>\n","protected":false},"excerpt":{"rendered":"<p>La Conf\u00e9d\u00e9ration des Organisations Africaines pour le D\u00e9veloppement de l\u2019Aviculture (C.A.D.A.) a \u00e9t\u00e9 cr\u00e9\u00e9e suite \u00e0 la tenue de son Assembl\u00e9e G\u00e9n\u00e9rale Constitutive \u00e0 l&#8217;initiative de la F\u00e9d\u00e9ration Interprofessionnelle du Secteur Avicole au Maroc (FISA) et sous la pr\u00e9sidence de Mohammed Sadiki, ministre de l&#8217;Agriculture, de la P\u00eache Maritime, du D\u00e9veloppement Rural et des Eaux &hellip;<\/p>\n","protected":false},"author":1,"featured_media":7467,"comment_status":"open","ping_status":"closed","sticky":false,"template":"","format":"standard","meta":{"footnotes":""},"categories":[6,2],"tags":[],"class_list":["post-7466","post","type-post","status-publish","format-standard","has-post-thumbnail","","category-a-la-une","category-actus-maroc"],"aioseo_notices":[],"_links":{"self":[{"href":"https:\/\/www.foodmagazine.ma\/index.php?rest_route=\/wp\/v2\/posts\/7466","targetHints":{"allow":["GET"]}}],"collection":[{"href":"https:\/\/www.foodmagazine.ma\/index.php?rest_route=\/wp\/v2\/posts"}],"about":[{"href":"https:\/\/www.foodmagazine.ma\/index.php?rest_route=\/wp\/v2\/types\/post"}],"author":[{"embeddable":true,"href":"https:\/\/www.foodmagazine.ma\/index.php?rest_route=\/wp\/v2\/users\/1"}],"replies":[{"embeddable":true,"href":"https:\/\/www.foodmagazine.ma\/index.php?rest_route=%2Fwp%2Fv2%2Fcomments&post=7466"}],"version-history":[{"count":1,"href":"https:\/\/www.foodmagazine.ma\/index.php?rest_route=\/wp\/v2\/posts\/7466\/revisions"}],"predecessor-version":[{"id":7468,"href":"https:\/\/www.foodmagazine.ma\/index.php?rest_route=\/wp\/v2\/posts\/7466\/revisions\/7468"}],"wp:featuredmedia":[{"embeddable":true,"href":"https:\/\/www.foodmagazine.ma\/index.php?rest_route=\/wp\/v2\/media\/7467"}],"wp:attachment":[{"href":"https:\/\/www.foodmagazine.ma\/index.php?rest_route=%2Fwp%2Fv2%2Fmedia&parent=7466"}],"wp:term":[{"taxonomy":"category","embeddable":true,"href":"https:\/\/www.foodmagazine.ma\/index.php?rest_route=%2Fwp%2Fv2%2Fcategories&post=7466"},{"taxonomy":"post_tag","embeddable":true,"href":"https:\/\/www.foodmagazine.ma\/index.php?rest_route=%2Fwp%2Fv2%2Ftags&post=7466"}],"curies":[{"name":"wp","href":"https:\/\/api.w.org\/{rel}","templated":true}]}}