{"id":7581,"date":"2023-06-06T11:11:57","date_gmt":"2023-06-06T10:11:57","guid":{"rendered":"https:\/\/www.foodmagazine.ma\/?p=7581"},"modified":"2023-06-06T11:59:48","modified_gmt":"2023-06-06T10:59:48","slug":"aromaplant-expo-une-premiere-edition-reussie-pour-la-filiere-des-plantes-a-parfum-aromatiques-et-medicinales-a-marrakech","status":"publish","type":"post","link":"https:\/\/www.foodmagazine.ma\/?p=7581","title":{"rendered":"AROMAPLANT EXPO : Une premi\u00e8re \u00e9dition r\u00e9ussie pour la fili\u00e8re des plantes \u00e0 parfum, aromatiques et m\u00e9dicinales \u00e0 Marrakech"},"content":{"rendered":"\n<figure class=\"wp-block-image size-full\"><img loading=\"lazy\" decoding=\"async\" width=\"1000\" height=\"563\" src=\"https:\/\/www.foodmagazine.ma\/wp-content\/uploads\/2023\/06\/9aec510e-f009-43a7-9ba0-7269c29949d8.png\" alt=\"\" class=\"wp-image-7582\" srcset=\"https:\/\/www.foodmagazine.ma\/wp-content\/uploads\/2023\/06\/9aec510e-f009-43a7-9ba0-7269c29949d8.png 1000w, https:\/\/www.foodmagazine.ma\/wp-content\/uploads\/2023\/06\/9aec510e-f009-43a7-9ba0-7269c29949d8-300x169.png 300w, https:\/\/www.foodmagazine.ma\/wp-content\/uploads\/2023\/06\/9aec510e-f009-43a7-9ba0-7269c29949d8-768x432.png 768w\" sizes=\"auto, (max-width: 1000px) 100vw, 1000px\" \/><\/figure>\n\n\n\n<p>Le Salon International de la valorisation et de l&#8217;innovation de la fili\u00e8re plantes \u00e0 parfum, aromatiques et m\u00e9dicinales (AROMAPLANT EXPO) a c\u00e9l\u00e9br\u00e9 sa premi\u00e8re \u00e9dition vendredi dernier au mus\u00e9e Mohammed VI pour la Civilisation de l\u2019Eau \u00e0 Marrakech. Cette manifestation d&#8217;envergure s&#8217;est d\u00e9roul\u00e9e du 1<sup>er<\/sup> au 4 juin 2023 et a attir\u00e9 plus de plus de 2000 visiteurs et 100 exposants marocains et internationaux \u2013 parmi lesquels figurent des grands groupes, des PME, des startups, des laboratoires, des centres de prototypage, des coop\u00e9ratives et des \u00e9tablissements publics, mais aussi des fournisseurs de machines et d&#8217;emballages.<\/p>\n\n\n\n<p>Cette \u00e9dition inaugurale a \u00e9t\u00e9 l&#8217;occasion de d\u00e9couvrir un vaste \u00e9ventail de produits et d&#8217;innovations dans le domaine des plantes \u00e0 parfum, aromatiques et m\u00e9dicinales. Des experts de renom ont \u00e9galement enrichi l&#8217;\u00e9v\u00e9nement par leur pr\u00e9sence, partageant leur expertise et leurs connaissances pointues avec les visiteurs.<\/p>\n\n\n\n<p>Le salon a offert une plateforme dynamique pour promouvoir les \u00e9changes commerciaux, tant au niveau national qu&#8217;international, dans le secteur des plantes \u00e0 parfum, aromatiques et m\u00e9dicinales. Les exposants ont pu pr\u00e9senter leurs produits aux nombreux visiteurs et acheteurs potentiels, renfor\u00e7ant ainsi la visibilit\u00e9 et l&#8217;attractivit\u00e9 de cette fili\u00e8re en pleine expansion.<\/p>\n\n\n\n<p>AROMAPLANT EXPO a su marquer son territoire d\u00e8s sa premi\u00e8re \u00e9dition en rassemblant des acteurs cl\u00e9s de l&#8217;industrie, en mettant en avant l&#8217;innovation et en favorisant les opportunit\u00e9s d&#8217;affaires. Cette manifestation t\u00e9moigne du potentiel consid\u00e9rable de la fili\u00e8re des plantes \u00e0 parfum, aromatiques et m\u00e9dicinales, ainsi que de son r\u00f4le dans le d\u00e9veloppement \u00e9conomique et la promotion de Marrakech en tant que destination incontournable dans ce domaine.<\/p>\n\n\n\n<p>\u00c0 cette occasion Kaoutar Filali, Directrice de Cluster Menara d\u00e9clare\u00a0: \u00ab\u00a0<em>Ce projet est un r\u00eave qui est en train de se r\u00e9aliser. C\u2019est le fruit de nombreuses ann\u00e9es de travail acharn\u00e9 dans le domaine de la valorisation de ces produits. Je suis particuli\u00e8rement fi\u00e8re de la participation de nombreux exposants marocains et \u00e9trangers, ainsi que d&#8217;experts renomm\u00e9s dans ce domaine.<\/em> <em>La fili\u00e8re des plantes aromatiques et m\u00e9dicinales rec\u00e8le un potentiel consid\u00e9rable qui peut contribuer grandement \u00e0 la promotion de la ville de Marrakech. Cette r\u00e9gion qui compte plus de 60 entreprises autoris\u00e9es qui travaillent selon les crit\u00e8res et les normes requis pour satisfaire les besoins du march\u00e9 local et international. Ces entreprises sont un v\u00e9ritable moteur de d\u00e9veloppement \u00e9conomique pour notre r\u00e9gion, et leur contribution est essentielle pour promouvoir les produits des plantes aromatiques et m\u00e9dicinales.<\/em> <em>Je suis convaincu que cet \u00e9v\u00e9nement sera une occasion unique de mettre en valeur le savoir-faire et l&#8217;expertise de notre r\u00e9gion dans le domaine des plantes aromatiques et m\u00e9dicinales. Nous esp\u00e9rons que cette manifestation contribuera \u00e0 renforcer les \u00e9changes commerciaux et \u00e0 promouvoir les richesses naturelles de notre pays \u00e0 l&#8217;\u00e9chelle internationale.<\/em>\u00a0\u00bb<\/p>\n\n\n\n<p>AROMAPLANT EXPO a accueilli, pour la premi\u00e8re fois dans un salon, les transformateurs et valorisateurs de la fili\u00e8re Cannabis, un secteur particuli\u00e8rement prometteur au Maroc. La cr\u00e9ation d&#8217;un march\u00e9 de production et de valorisation r\u00e9glement\u00e9 pour le cannabis au Maroc s&#8217;est accompagn\u00e9e d&#8217;avantages \u00e9conomiques significatifs pour les cultivateurs et les entreprises du secteur.<\/p>\n\n\n\n<p>Ce salon a \u00e9galement \u00e9t\u00e9 l&#8217;occasion de valoriser les jeunes entrepreneurs et entreprises d\u00e9di\u00e9s \u00e0 ce secteur en expansion. Ces derniers, de plus en plus nombreux \u00e0 se lancer dans la production, la transformation et la commercialisation de PPAM par des m\u00e9thodes innovantes et respectueuses de l\u2019environnement, ont pu rencontrer des professionnels du secteur, \u00e9changer sur leurs exp\u00e9riences et pr\u00e9senter leurs produits.<\/p>\n","protected":false},"excerpt":{"rendered":"<p>Le Salon International de la valorisation et de l&#8217;innovation de la fili\u00e8re plantes \u00e0 parfum, aromatiques et m\u00e9dicinales (AROMAPLANT EXPO) a c\u00e9l\u00e9br\u00e9 sa premi\u00e8re \u00e9dition vendredi dernier au mus\u00e9e Mohammed VI pour la Civilisation de l\u2019Eau \u00e0 Marrakech. Cette manifestation d&#8217;envergure s&#8217;est d\u00e9roul\u00e9e du 1er au 4 juin 2023 et a attir\u00e9 plus de plus &hellip;<\/p>\n","protected":false},"author":1,"featured_media":7582,"comment_status":"open","ping_status":"closed","sticky":false,"template":"","format":"standard","meta":{"footnotes":""},"categories":[6,2],"tags":[],"class_list":["post-7581","post","type-post","status-publish","format-standard","has-post-thumbnail","","category-a-la-une","category-actus-maroc"],"aioseo_notices":[],"_links":{"self":[{"href":"https:\/\/www.foodmagazine.ma\/index.php?rest_route=\/wp\/v2\/posts\/7581","targetHints":{"allow":["GET"]}}],"collection":[{"href":"https:\/\/www.foodmagazine.ma\/index.php?rest_route=\/wp\/v2\/posts"}],"about":[{"href":"https:\/\/www.foodmagazine.ma\/index.php?rest_route=\/wp\/v2\/types\/post"}],"author":[{"embeddable":true,"href":"https:\/\/www.foodmagazine.ma\/index.php?rest_route=\/wp\/v2\/users\/1"}],"replies":[{"embeddable":true,"href":"https:\/\/www.foodmagazine.ma\/index.php?rest_route=%2Fwp%2Fv2%2Fcomments&post=7581"}],"version-history":[{"count":4,"href":"https:\/\/www.foodmagazine.ma\/index.php?rest_route=\/wp\/v2\/posts\/7581\/revisions"}],"predecessor-version":[{"id":7590,"href":"https:\/\/www.foodmagazine.ma\/index.php?rest_route=\/wp\/v2\/posts\/7581\/revisions\/7590"}],"wp:featuredmedia":[{"embeddable":true,"href":"https:\/\/www.foodmagazine.ma\/index.php?rest_route=\/wp\/v2\/media\/7582"}],"wp:attachment":[{"href":"https:\/\/www.foodmagazine.ma\/index.php?rest_route=%2Fwp%2Fv2%2Fmedia&parent=7581"}],"wp:term":[{"taxonomy":"category","embeddable":true,"href":"https:\/\/www.foodmagazine.ma\/index.php?rest_route=%2Fwp%2Fv2%2Fcategories&post=7581"},{"taxonomy":"post_tag","embeddable":true,"href":"https:\/\/www.foodmagazine.ma\/index.php?rest_route=%2Fwp%2Fv2%2Ftags&post=7581"}],"curies":[{"name":"wp","href":"https:\/\/api.w.org\/{rel}","templated":true}]}}