{"id":7925,"date":"2023-10-03T19:55:49","date_gmt":"2023-10-03T18:55:49","guid":{"rendered":"https:\/\/www.foodmagazine.ma\/?p=7925"},"modified":"2023-10-03T19:55:51","modified_gmt":"2023-10-03T18:55:51","slug":"asmex-et-sippo-eclairent-les-exportateurs-marocains-sur-les-marches-suisses","status":"publish","type":"post","link":"https:\/\/www.foodmagazine.ma\/?p=7925","title":{"rendered":"ASMEX et SIPPO \u00e9clairent les exportateurs marocains sur les march\u00e9s suisses"},"content":{"rendered":"\n<figure class=\"wp-block-image size-full\"><img loading=\"lazy\" decoding=\"async\" width=\"1000\" height=\"600\" src=\"https:\/\/www.foodmagazine.ma\/wp-content\/uploads\/2023\/10\/maroc-suisse.jpg\" alt=\"\" class=\"wp-image-7926\" srcset=\"https:\/\/www.foodmagazine.ma\/wp-content\/uploads\/2023\/10\/maroc-suisse.jpg 1000w, https:\/\/www.foodmagazine.ma\/wp-content\/uploads\/2023\/10\/maroc-suisse-300x180.jpg 300w, https:\/\/www.foodmagazine.ma\/wp-content\/uploads\/2023\/10\/maroc-suisse-768x461.jpg 768w\" sizes=\"auto, (max-width: 1000px) 100vw, 1000px\" \/><\/figure>\n\n\n\n<p>Pour aider les exportateurs marocains \u00e0 percer le march\u00e9 Suisse et \u00e0 identifier les produits susceptibles de s\u00e9duire les consommateurs suisses, l&#8217;Association Marocaine des Exportateurs (ASMEX), en partenariat avec le Swiss Import Promotion Programme (SIPPO), a organis\u00e9 un webinaire intitul\u00e9 &#8220;Doing Business with Switzerland&#8221; le 25 septembre 2023, en pr\u00e9paration \u00e0 la mission &#8220;Study Tour&#8221; qui aura lieu prochainement en Suisse.<\/p>\n\n\n\n<p>Le webinaire a \u00e9t\u00e9 anim\u00e9 par Jonas Spahn, expert en produits alimentaires, en pr\u00e9sence de Myriam Sif, repr\u00e9sentante du programme SIPPO au Maroc, et de Karim El Haoud, Export Promotion Manager du Programme SIPPO. Il s&#8217;inscrit dans le cadre de la s\u00e9rie de webinaires &#8220;Doing Business&#8221;, organis\u00e9s par l\u2019ASMEX pour pr\u00e9senter les opportunit\u00e9s offertes par diff\u00e9rents march\u00e9s \u00e9trangers et fait partie de la deuxi\u00e8me phase de la collaboration entre l\u2019ASMEX et le Swiss Import Promotion Programme.<\/p>\n\n\n\n<p>Au cours de sa pr\u00e9sentation, Jonas Spahn a abord\u00e9 plusieurs points importants, notamment la demande de produits marocains en Suisse, le paysage concurrentiel suisse, ainsi que les opportunit\u00e9s et les d\u00e9fis auxquels les exportateurs marocains sont confront\u00e9s.<\/p>\n\n\n\n<p>Selon Jonas Spahn, la Suisse, avec ses 8,8 millions d&#8217;habitants et quatre langues officielles, est un march\u00e9 diversifi\u00e9 mais hautement comp\u00e9titif. Les deux principaux acteurs, Migros et COOP, dominent le secteur des produits alimentaires, repr\u00e9sentant environ 80 % des achats. Le march\u00e9 suisse est caract\u00e9ris\u00e9 par trois canaux de distribution principaux : les supermarch\u00e9s, les magasins en ligne et le secteur HORECA (H\u00f4tel, Restaurants, Caf\u00e9s).<\/p>\n\n\n\n<p>Cependant, Jonas Spahn a soulign\u00e9 que les exportateurs marocains pourraient faire face \u00e0 des d\u00e9fis tels que les nouvelles restrictions li\u00e9es aux exportations en masse, la concurrence sud-europ\u00e9enne pour des produits comme l&#8217;huile d&#8217;olive ou le safran, ainsi que les probl\u00e8mes climatiques affectant l&#8217;offre. Malgr\u00e9 ces obstacles, certaines importations suisses ont connu une hausse de valeur, notamment dans le cas du safran.<\/p>\n","protected":false},"excerpt":{"rendered":"<p>Pour aider les exportateurs marocains \u00e0 percer le march\u00e9 Suisse et \u00e0 identifier les produits susceptibles de s\u00e9duire les consommateurs suisses, l&#8217;Association Marocaine des Exportateurs (ASMEX), en partenariat avec le Swiss Import Promotion Programme (SIPPO), a organis\u00e9 un webinaire intitul\u00e9 &#8220;Doing Business with Switzerland&#8221; le 25 septembre 2023, en pr\u00e9paration \u00e0 la mission &#8220;Study Tour&#8221; &hellip;<\/p>\n","protected":false},"author":1,"featured_media":7926,"comment_status":"open","ping_status":"closed","sticky":false,"template":"","format":"standard","meta":{"footnotes":""},"categories":[6,2],"tags":[],"class_list":["post-7925","post","type-post","status-publish","format-standard","has-post-thumbnail","","category-a-la-une","category-actus-maroc"],"aioseo_notices":[],"_links":{"self":[{"href":"https:\/\/www.foodmagazine.ma\/index.php?rest_route=\/wp\/v2\/posts\/7925","targetHints":{"allow":["GET"]}}],"collection":[{"href":"https:\/\/www.foodmagazine.ma\/index.php?rest_route=\/wp\/v2\/posts"}],"about":[{"href":"https:\/\/www.foodmagazine.ma\/index.php?rest_route=\/wp\/v2\/types\/post"}],"author":[{"embeddable":true,"href":"https:\/\/www.foodmagazine.ma\/index.php?rest_route=\/wp\/v2\/users\/1"}],"replies":[{"embeddable":true,"href":"https:\/\/www.foodmagazine.ma\/index.php?rest_route=%2Fwp%2Fv2%2Fcomments&post=7925"}],"version-history":[{"count":1,"href":"https:\/\/www.foodmagazine.ma\/index.php?rest_route=\/wp\/v2\/posts\/7925\/revisions"}],"predecessor-version":[{"id":7927,"href":"https:\/\/www.foodmagazine.ma\/index.php?rest_route=\/wp\/v2\/posts\/7925\/revisions\/7927"}],"wp:featuredmedia":[{"embeddable":true,"href":"https:\/\/www.foodmagazine.ma\/index.php?rest_route=\/wp\/v2\/media\/7926"}],"wp:attachment":[{"href":"https:\/\/www.foodmagazine.ma\/index.php?rest_route=%2Fwp%2Fv2%2Fmedia&parent=7925"}],"wp:term":[{"taxonomy":"category","embeddable":true,"href":"https:\/\/www.foodmagazine.ma\/index.php?rest_route=%2Fwp%2Fv2%2Fcategories&post=7925"},{"taxonomy":"post_tag","embeddable":true,"href":"https:\/\/www.foodmagazine.ma\/index.php?rest_route=%2Fwp%2Fv2%2Ftags&post=7925"}],"curies":[{"name":"wp","href":"https:\/\/api.w.org\/{rel}","templated":true}]}}