{"id":8059,"date":"2023-11-01T15:46:08","date_gmt":"2023-11-01T14:46:08","guid":{"rendered":"https:\/\/www.foodmagazine.ma\/?p=8059"},"modified":"2023-11-01T15:46:09","modified_gmt":"2023-11-01T14:46:09","slug":"une-nouvelle-approche-pour-ipack-ima-2025","status":"publish","type":"post","link":"https:\/\/www.foodmagazine.ma\/?p=8059","title":{"rendered":"Une nouvelle approche pour IPACK-IMA 2025"},"content":{"rendered":"\n<figure class=\"wp-block-image size-full\"><img loading=\"lazy\" decoding=\"async\" width=\"1000\" height=\"667\" src=\"https:\/\/www.foodmagazine.ma\/wp-content\/uploads\/2023\/11\/ipack.jpg\" alt=\"\" class=\"wp-image-8041\" srcset=\"https:\/\/www.foodmagazine.ma\/wp-content\/uploads\/2023\/11\/ipack.jpg 1000w, https:\/\/www.foodmagazine.ma\/wp-content\/uploads\/2023\/11\/ipack-300x200.jpg 300w, https:\/\/www.foodmagazine.ma\/wp-content\/uploads\/2023\/11\/ipack-768x512.jpg 768w\" sizes=\"auto, (max-width: 1000px) 100vw, 1000px\" \/><\/figure>\n\n\n\n<p>L&#8217;\u00e9dition 2025 du salon IPACK-IMA, d\u00e9di\u00e9 \u00e0 l&#8217;emballage et \u00e0 la transformation, se profile comme un \u00e9v\u00e9nement pr\u00eat \u00e0 marquer un tournant dans le monde des salons professionnels. Connu pour son engagement envers l&#8217;innovation, IPACK-IMA s&#8217;appr\u00eate \u00e0 bousculer les conventions \u00e9tablies et \u00e0 offrir une exp\u00e9rience in\u00e9dite \u00e0 ses visiteurs et exposants.<\/p>\n\n\n\n<p>Valerio Soli, pr\u00e9sident d&#8217;Ipack Ima, a &nbsp;annonc\u00e9 avec enthousiasme : \u00ab&nbsp;<em>Le salon de 2025, pour lequel nous avons d\u00e9j\u00e0 re\u00e7u un nombre consid\u00e9rable d&#8217;inscriptions et de confirmations de la part de nos principaux clients, est con\u00e7u pour agir comme un acc\u00e9l\u00e9rateur des principes fondamentaux du succ\u00e8s de 2022. Cette ann\u00e9e-l\u00e0, les th\u00e8mes cl\u00e9s \u00e9taient la num\u00e9risation, la durabilit\u00e9 et l&#8217;innovation. Ces sujets restent tr\u00e8s pertinents, et nous nous attendons \u00e0 ce qu&#8217;ils continuent \u00e0 \u00e9voluer et \u00e0 prendre de l&#8217;ampleur au fil des ann\u00e9es, trouvant des applications plus approfondies dans diverses industries. IPACK-IMA sera sans aucun doute bien pr\u00e9par\u00e9 \u00e0 cette \u00e9volution, et nos r\u00e9ponses tiendront compte des besoins changeants de l&#8217;industrie et mettront l&#8217;accent sur les th\u00e8mes \u00e9mergents, en mettant particuli\u00e8rement l&#8217;accent sur les march\u00e9s \u00e0 plus haute performance tels que l&#8217;alimentation \u00e0 base de c\u00e9r\u00e9ales, les boissons et l&#8217;industrie pharmaceutique. Dans le m\u00eame temps, nous ne n\u00e9gligerons pas les origines de l&#8217;\u00e9v\u00e9nement, en les r\u00e9inventant dans un contexte plus large, englobant l&#8217;emballage secondaire et tertiaire, les solutions de fin de ligne, y compris la robotique et l&#8217;automatisation des usines en g\u00e9n\u00e9ral<\/em>.&nbsp;\u00bb<\/p>\n\n\n\n<p>En effet, le salon IPACK-IMA 2025 marquera un changement significatif dans la mani\u00e8re dont les salons professionnels sont organis\u00e9s. Cette transformation est le fruit de discussions approfondies avec des exposants cl\u00e9s et des acteurs de l&#8217;industrie. Le mod\u00e8le triennal traditionnel sera remplac\u00e9 par une s\u00e9rie d&#8217;\u00e9v\u00e9nements interconnect\u00e9s, chacun \u00e9tant centr\u00e9 sur des secteurs de produits sp\u00e9cifiques. Cette nouvelle approche permettra aux exposants de suivre les avanc\u00e9es technologiques de mani\u00e8re plus coh\u00e9rente et opportune jusqu&#8217;en 2028.<\/p>\n\n\n\n<p>De son c\u00f4t\u00e9, Valerio Soli a pr\u00e9cis\u00e9 : \u00ab&nbsp;<em>IPACK-IMA peut compter sur l&#8217;expertise de UCIMA et Fiera Milano, qui comprennent les forces \u00e9conomiques qui stimulent l&#8217;industrie de l&#8217;emballage et les tendances en mati\u00e8re d&#8217;\u00e9v\u00e9nements. Cette synergie nous permet d&#8217;abandonner la notion conventionnelle d&#8217;un salon professionnel g\u00e9n\u00e9raliste et de le convertir en un point de convergence sectoriel et une plate-forme id\u00e9ale pour aborder les pr\u00e9occupations cl\u00e9s de l&#8217;industrie<\/em>.&nbsp;\u00bb<\/p>\n\n\n\n<p>IPACK-IMA 2025 continuera \u00e9galement \u00e0 renforcer son r\u00e9seau institutionnel, avec une forte orientation internationale. Plus de 20 agents r\u00e9partis dans toute l&#8217;Europe, l&#8217;Afrique du Nord et l&#8217;Asie soutiendront les ventes et participeront \u00e0 des \u00e9v\u00e9nements internationaux. Cette d\u00e9marche confirme l&#8217;engagement constant en faveur de l&#8217;internationalisation qui a toujours \u00e9t\u00e9 une caract\u00e9ristique cl\u00e9 de l&#8217;organisation du salon.<\/p>\n","protected":false},"excerpt":{"rendered":"<p>L&#8217;\u00e9dition 2025 du salon IPACK-IMA, d\u00e9di\u00e9 \u00e0 l&#8217;emballage et \u00e0 la transformation, se profile comme un \u00e9v\u00e9nement pr\u00eat \u00e0 marquer un tournant dans le monde des salons professionnels. Connu pour son engagement envers l&#8217;innovation, IPACK-IMA s&#8217;appr\u00eate \u00e0 bousculer les conventions \u00e9tablies et \u00e0 offrir une exp\u00e9rience in\u00e9dite \u00e0 ses visiteurs et exposants. Valerio Soli, pr\u00e9sident &hellip;<\/p>\n","protected":false},"author":1,"featured_media":8041,"comment_status":"open","ping_status":"closed","sticky":false,"template":"","format":"standard","meta":{"footnotes":""},"categories":[6,3],"tags":[],"class_list":["post-8059","post","type-post","status-publish","format-standard","has-post-thumbnail","","category-a-la-une","category-actus-monde"],"aioseo_notices":[],"_links":{"self":[{"href":"https:\/\/www.foodmagazine.ma\/index.php?rest_route=\/wp\/v2\/posts\/8059","targetHints":{"allow":["GET"]}}],"collection":[{"href":"https:\/\/www.foodmagazine.ma\/index.php?rest_route=\/wp\/v2\/posts"}],"about":[{"href":"https:\/\/www.foodmagazine.ma\/index.php?rest_route=\/wp\/v2\/types\/post"}],"author":[{"embeddable":true,"href":"https:\/\/www.foodmagazine.ma\/index.php?rest_route=\/wp\/v2\/users\/1"}],"replies":[{"embeddable":true,"href":"https:\/\/www.foodmagazine.ma\/index.php?rest_route=%2Fwp%2Fv2%2Fcomments&post=8059"}],"version-history":[{"count":1,"href":"https:\/\/www.foodmagazine.ma\/index.php?rest_route=\/wp\/v2\/posts\/8059\/revisions"}],"predecessor-version":[{"id":8060,"href":"https:\/\/www.foodmagazine.ma\/index.php?rest_route=\/wp\/v2\/posts\/8059\/revisions\/8060"}],"wp:featuredmedia":[{"embeddable":true,"href":"https:\/\/www.foodmagazine.ma\/index.php?rest_route=\/wp\/v2\/media\/8041"}],"wp:attachment":[{"href":"https:\/\/www.foodmagazine.ma\/index.php?rest_route=%2Fwp%2Fv2%2Fmedia&parent=8059"}],"wp:term":[{"taxonomy":"category","embeddable":true,"href":"https:\/\/www.foodmagazine.ma\/index.php?rest_route=%2Fwp%2Fv2%2Fcategories&post=8059"},{"taxonomy":"post_tag","embeddable":true,"href":"https:\/\/www.foodmagazine.ma\/index.php?rest_route=%2Fwp%2Fv2%2Ftags&post=8059"}],"curies":[{"name":"wp","href":"https:\/\/api.w.org\/{rel}","templated":true}]}}