{"id":8224,"date":"2023-12-05T15:18:06","date_gmt":"2023-12-05T14:18:06","guid":{"rendered":"https:\/\/www.foodmagazine.ma\/?p=8224"},"modified":"2023-12-05T15:18:06","modified_gmt":"2023-12-05T14:18:06","slug":"le-maroc-accueillera-la-33eme-conference-regionale-de-la-fao-pour-lafrique","status":"publish","type":"post","link":"https:\/\/www.foodmagazine.ma\/?p=8224","title":{"rendered":"Le Maroc accueillera la 33\u00e8me conf\u00e9rence r\u00e9gionale de la FAO pour l&#8217;Afrique"},"content":{"rendered":"\n<figure class=\"wp-block-image size-full\"><img loading=\"lazy\" decoding=\"async\" width=\"926\" height=\"582\" src=\"https:\/\/www.foodmagazine.ma\/wp-content\/uploads\/2023\/12\/WhatsApp-Image-2023-11-23-at-16.06.45.jpg\" alt=\"\" class=\"wp-image-8225\" srcset=\"https:\/\/www.foodmagazine.ma\/wp-content\/uploads\/2023\/12\/WhatsApp-Image-2023-11-23-at-16.06.45.jpg 926w, https:\/\/www.foodmagazine.ma\/wp-content\/uploads\/2023\/12\/WhatsApp-Image-2023-11-23-at-16.06.45-300x189.jpg 300w, https:\/\/www.foodmagazine.ma\/wp-content\/uploads\/2023\/12\/WhatsApp-Image-2023-11-23-at-16.06.45-768x483.jpg 768w\" sizes=\"auto, (max-width: 926px) 100vw, 926px\" \/><\/figure>\n\n\n\n<p>Rabat se pr\u00e9pare \u00e0 accueillir du 18 au 20 avril 2024, la 33\u00e8me session de la conf\u00e9rence r\u00e9gionale de la FAO pour l&#8217;Afrique (ARC33). Cette conf\u00e9rence discutera de la s\u00e9curit\u00e9 alimentaire et de l&#8217;am\u00e9lioration de la production agricole et rassemblera sous l&#8217;\u00e9gide du Royaume du Maroc des d\u00e9l\u00e9gu\u00e9s de toute l&#8217;Afrique, comprenant des ministres de l&#8217;Agriculture et d&#8217;autres secteurs cl\u00e9s. La conf\u00e9rence sera ax\u00e9e sur les &#8220;Syst\u00e8mes agroalimentaires r\u00e9silients et transformation rurale inclusive&#8221; et visera \u00e0 stimuler des dialogues et des \u00e9changes constructifs.<\/p>\n\n\n\n<p>L&#8217;ARC33 offrira une plateforme strat\u00e9gique pour le partage de meilleures pratiques, l&#8217;exploration de partenariats, et la discussion de solutions innovantes pour la transformation des syst\u00e8mes agroalimentaires. En pr\u00e9paration de cet \u00e9v\u00e9nement, une \u00e9quipe du Bureau r\u00e9gional de la FAO pour l&#8217;Afrique s&#8217;est r\u00e9cemment rendue \u00e0 Rabat.<\/p>\n\n\n\n<p>L\u2019ARC33 sera pr\u00e9sid\u00e9e par Mohammed Sadiki, ministre de l&#8217;Agriculture, de la P\u00eache maritime, du D\u00e9veloppement rural et des Eaux et For\u00eats du Maroc, qui a exprim\u00e9 son enthousiasme : \u00ab&nbsp;<em>Cette conf\u00e9rence est une occasion de r\u00e9unir tous les pays africains pour un dialogue constructif sur des solutions durables visant \u00e0 renforcer la s\u00e9curit\u00e9 alimentaire et \u00e0 promouvoir des pratiques agricoles avanc\u00e9es. Nous sommes ravis d&#8217;accueillir cette r\u00e9union importante et de partager nos exp\u00e9riences en mati\u00e8re de d\u00e9veloppement agricole<\/em> \u00bb. Le repr\u00e9sentant de la FAO au Maroc, Jean Senahoun, a soulign\u00e9 l&#8217;importance de la collaboration avec le Royaume du Maroc pour cette conf\u00e9rence r\u00e9gionale qui se d\u00e9roulera \u00e0 un moment crucial pour atteindre les objectifs de d\u00e9veloppement durable d&#8217;ici 2030. \u00ab&nbsp;<em>La FAO a le plaisir de collaborer avec le Royaume du Maroc pour accueillir cette conf\u00e9rence r\u00e9gionale cruciale. Elle survient \u00e0 un moment important o\u00f9 toutes les parties prenantes doivent prendre des mesures concr\u00e8tes pour atteindre les objectifs de d\u00e9veloppement durable \u00e0 l\u2019horizon 2030<\/em>&nbsp;\u00bb. Kwami Dzifanu Nyarko-Badohu, secr\u00e9taire de la conf\u00e9rence de la FAO, a \u00e9galement mis en avant le r\u00f4le de la conf\u00e9rence comme un catalyseur pour des actions concr\u00e8tes qui fa\u00e7onneront l&#8217;avenir de l&#8217;agriculture dans la r\u00e9gion. \u00ab&nbsp;<em>L&#8217;hospitalit\u00e9 et l&#8217;engagement du Royaume du Maroc en faveur de l&#8217;avancement de l&#8217;agriculture font de Rabat un lieu id\u00e9al pour ce rassemblement important<\/em>&nbsp;\u00bb.<\/p>\n\n\n\n<p>La conf\u00e9rence servira \u00e9galement de pr\u00e9lude au Salon International de l&#8217;Agriculture au Maroc (SIAM), qui se tiendra \u00e0 Mekn\u00e8s du 22 au 28 avril 2024, mettant en exergue le r\u00f4le de premier plan du Maroc dans le secteur agricole africain.<\/p>\n","protected":false},"excerpt":{"rendered":"<p>Rabat se pr\u00e9pare \u00e0 accueillir du 18 au 20 avril 2024, la 33\u00e8me session de la conf\u00e9rence r\u00e9gionale de la FAO pour l&#8217;Afrique (ARC33). Cette conf\u00e9rence discutera de la s\u00e9curit\u00e9 alimentaire et de l&#8217;am\u00e9lioration de la production agricole et rassemblera sous l&#8217;\u00e9gide du Royaume du Maroc des d\u00e9l\u00e9gu\u00e9s de toute l&#8217;Afrique, comprenant des ministres de &hellip;<\/p>\n","protected":false},"author":1,"featured_media":8225,"comment_status":"open","ping_status":"closed","sticky":false,"template":"","format":"standard","meta":{"footnotes":""},"categories":[6,2],"tags":[],"class_list":["post-8224","post","type-post","status-publish","format-standard","has-post-thumbnail","","category-a-la-une","category-actus-maroc"],"aioseo_notices":[],"_links":{"self":[{"href":"https:\/\/www.foodmagazine.ma\/index.php?rest_route=\/wp\/v2\/posts\/8224","targetHints":{"allow":["GET"]}}],"collection":[{"href":"https:\/\/www.foodmagazine.ma\/index.php?rest_route=\/wp\/v2\/posts"}],"about":[{"href":"https:\/\/www.foodmagazine.ma\/index.php?rest_route=\/wp\/v2\/types\/post"}],"author":[{"embeddable":true,"href":"https:\/\/www.foodmagazine.ma\/index.php?rest_route=\/wp\/v2\/users\/1"}],"replies":[{"embeddable":true,"href":"https:\/\/www.foodmagazine.ma\/index.php?rest_route=%2Fwp%2Fv2%2Fcomments&post=8224"}],"version-history":[{"count":1,"href":"https:\/\/www.foodmagazine.ma\/index.php?rest_route=\/wp\/v2\/posts\/8224\/revisions"}],"predecessor-version":[{"id":8226,"href":"https:\/\/www.foodmagazine.ma\/index.php?rest_route=\/wp\/v2\/posts\/8224\/revisions\/8226"}],"wp:featuredmedia":[{"embeddable":true,"href":"https:\/\/www.foodmagazine.ma\/index.php?rest_route=\/wp\/v2\/media\/8225"}],"wp:attachment":[{"href":"https:\/\/www.foodmagazine.ma\/index.php?rest_route=%2Fwp%2Fv2%2Fmedia&parent=8224"}],"wp:term":[{"taxonomy":"category","embeddable":true,"href":"https:\/\/www.foodmagazine.ma\/index.php?rest_route=%2Fwp%2Fv2%2Fcategories&post=8224"},{"taxonomy":"post_tag","embeddable":true,"href":"https:\/\/www.foodmagazine.ma\/index.php?rest_route=%2Fwp%2Fv2%2Ftags&post=8224"}],"curies":[{"name":"wp","href":"https:\/\/api.w.org\/{rel}","templated":true}]}}