{"id":8343,"date":"2024-01-16T12:03:17","date_gmt":"2024-01-16T11:03:17","guid":{"rendered":"https:\/\/www.foodmagazine.ma\/?p=8343"},"modified":"2024-01-16T12:03:18","modified_gmt":"2024-01-16T11:03:18","slug":"semaine-verte-de-berlin-a-la-decouverte-du-royaume-des-saveurs","status":"publish","type":"post","link":"https:\/\/www.foodmagazine.ma\/?p=8343","title":{"rendered":"Semaine Verte de Berlin : \u00c0 la d\u00e9couverte du &#8220;Royaume des saveurs&#8221;"},"content":{"rendered":"\n<figure class=\"wp-block-image size-full\"><img loading=\"lazy\" decoding=\"async\" width=\"1000\" height=\"595\" src=\"https:\/\/www.foodmagazine.ma\/wp-content\/uploads\/2024\/01\/WhatsApp-Image-2024-01-16-at-11.04.11.jpg\" alt=\"\" class=\"wp-image-8344\" srcset=\"https:\/\/www.foodmagazine.ma\/wp-content\/uploads\/2024\/01\/WhatsApp-Image-2024-01-16-at-11.04.11.jpg 1000w, https:\/\/www.foodmagazine.ma\/wp-content\/uploads\/2024\/01\/WhatsApp-Image-2024-01-16-at-11.04.11-300x179.jpg 300w, https:\/\/www.foodmagazine.ma\/wp-content\/uploads\/2024\/01\/WhatsApp-Image-2024-01-16-at-11.04.11-768x457.jpg 768w\" sizes=\"auto, (max-width: 1000px) 100vw, 1000px\" \/><\/figure>\n\n\n\n<p>La Semaine Verte Internationale de Berlin, un \u00e9v\u00e9nement \u00e9tabli depuis 1926, se tiendra du 19 au 28 janvier 2024 \u00e0 Messe Berlin. Consid\u00e9r\u00e9e comme la plus grande exposition au monde pour les consommateurs et les professionnels de l&#8217;alimentation, de l&#8217;agriculture et de l&#8217;horticulture, La Semaine Verte Internationale de Berlin se positionne comme une plateforme in\u00e9gal\u00e9e pour tester des produits alimentaires, lancer des nouveaut\u00e9s et consolider la notori\u00e9t\u00e9 des marques.<\/p>\n\n\n\n<p>Cette ann\u00e9e, le Maroc, opportun\u00e9ment surnomm\u00e9 &#8220;Royaume des saveurs&#8221;, est \u00e0 l&#8217;honneur dans le hall 18. Les visiteurs pourront explorer et savourer une multitude de produits marocains, incluant l&#8217;huile d&#8217;olive, les \u00e9pices, les dattes et autres sp\u00e9cialit\u00e9s locales qui promettent d&#8217;enrichir l&#8217;\u00e9v\u00e9nement avec la diversit\u00e9 et la richesse de la cuisine marocaine.<\/p>\n\n\n\n<p>La semaine verte de Berlin se distingue par ses nombreuses pr\u00e9sentations, organis\u00e9es autour de th\u00e8mes nationaux, r\u00e9gionaux ou de produits sp\u00e9cifiques. On y trouve notamment des produits frais, du poisson, de la viande, des laitages etc.<\/p>\n\n\n\n<p>La Semaine Verte de Berlin, avec sa longue histoire et sa r\u00e9putation mondiale, continue de jouer un r\u00f4le essentiel dans la promotion du dialogue et de l&#8217;innovation dans les domaines de l&#8217;alimentation, de l&#8217;agriculture et de l&#8217;horticulture. Elle offre une plateforme importante pour \u00e9changer, apprendre et c\u00e9l\u00e9brer la diversit\u00e9 et la richesse des produits du monde entier, notamment ceux du Maroc lors de cette \u00e9dition 2024.<\/p>\n","protected":false},"excerpt":{"rendered":"<p>La Semaine Verte Internationale de Berlin, un \u00e9v\u00e9nement \u00e9tabli depuis 1926, se tiendra du 19 au 28 janvier 2024 \u00e0 Messe Berlin. Consid\u00e9r\u00e9e comme la plus grande exposition au monde pour les consommateurs et les professionnels de l&#8217;alimentation, de l&#8217;agriculture et de l&#8217;horticulture, La Semaine Verte Internationale de Berlin se positionne comme une plateforme in\u00e9gal\u00e9e &hellip;<\/p>\n","protected":false},"author":1,"featured_media":8344,"comment_status":"open","ping_status":"closed","sticky":false,"template":"","format":"standard","meta":{"footnotes":""},"categories":[6,3],"tags":[],"class_list":["post-8343","post","type-post","status-publish","format-standard","has-post-thumbnail","","category-a-la-une","category-actus-monde"],"aioseo_notices":[],"_links":{"self":[{"href":"https:\/\/www.foodmagazine.ma\/index.php?rest_route=\/wp\/v2\/posts\/8343","targetHints":{"allow":["GET"]}}],"collection":[{"href":"https:\/\/www.foodmagazine.ma\/index.php?rest_route=\/wp\/v2\/posts"}],"about":[{"href":"https:\/\/www.foodmagazine.ma\/index.php?rest_route=\/wp\/v2\/types\/post"}],"author":[{"embeddable":true,"href":"https:\/\/www.foodmagazine.ma\/index.php?rest_route=\/wp\/v2\/users\/1"}],"replies":[{"embeddable":true,"href":"https:\/\/www.foodmagazine.ma\/index.php?rest_route=%2Fwp%2Fv2%2Fcomments&post=8343"}],"version-history":[{"count":1,"href":"https:\/\/www.foodmagazine.ma\/index.php?rest_route=\/wp\/v2\/posts\/8343\/revisions"}],"predecessor-version":[{"id":8345,"href":"https:\/\/www.foodmagazine.ma\/index.php?rest_route=\/wp\/v2\/posts\/8343\/revisions\/8345"}],"wp:featuredmedia":[{"embeddable":true,"href":"https:\/\/www.foodmagazine.ma\/index.php?rest_route=\/wp\/v2\/media\/8344"}],"wp:attachment":[{"href":"https:\/\/www.foodmagazine.ma\/index.php?rest_route=%2Fwp%2Fv2%2Fmedia&parent=8343"}],"wp:term":[{"taxonomy":"category","embeddable":true,"href":"https:\/\/www.foodmagazine.ma\/index.php?rest_route=%2Fwp%2Fv2%2Fcategories&post=8343"},{"taxonomy":"post_tag","embeddable":true,"href":"https:\/\/www.foodmagazine.ma\/index.php?rest_route=%2Fwp%2Fv2%2Ftags&post=8343"}],"curies":[{"name":"wp","href":"https:\/\/api.w.org\/{rel}","templated":true}]}}