{"id":8346,"date":"2024-01-16T12:04:30","date_gmt":"2024-01-16T11:04:30","guid":{"rendered":"https:\/\/www.foodmagazine.ma\/?p=8346"},"modified":"2024-01-16T12:04:31","modified_gmt":"2024-01-16T11:04:31","slug":"cooperation-industrielle-le-maroc-sallie-avec-des-pays-cles","status":"publish","type":"post","link":"https:\/\/www.foodmagazine.ma\/?p=8346","title":{"rendered":"Coop\u00e9ration industrielle : le Maroc s&#8217;allie avec des pays cl\u00e9s"},"content":{"rendered":"\n<figure class=\"wp-block-image size-full\"><img loading=\"lazy\" decoding=\"async\" width=\"1000\" height=\"691\" src=\"https:\/\/www.foodmagazine.ma\/wp-content\/uploads\/2024\/01\/IMG-20240111-WA0001.jpg\" alt=\"\" class=\"wp-image-8347\" srcset=\"https:\/\/www.foodmagazine.ma\/wp-content\/uploads\/2024\/01\/IMG-20240111-WA0001.jpg 1000w, https:\/\/www.foodmagazine.ma\/wp-content\/uploads\/2024\/01\/IMG-20240111-WA0001-300x207.jpg 300w, https:\/\/www.foodmagazine.ma\/wp-content\/uploads\/2024\/01\/IMG-20240111-WA0001-768x531.jpg 768w, https:\/\/www.foodmagazine.ma\/wp-content\/uploads\/2024\/01\/IMG-20240111-WA0001-110x75.jpg 110w\" sizes=\"auto, (max-width: 1000px) 100vw, 1000px\" \/><\/figure>\n\n\n\n<p>Le Maroc a officialis\u00e9 son adh\u00e9sion \u00e0 la coalition industrielle int\u00e9gr\u00e9e pour le d\u00e9veloppement \u00e9conomique durable, rejoignant ainsi les \u00c9mirats arabes unis, l&#8217;\u00c9gypte, la Jordanie et le Bahre\u00efn. Cette adh\u00e9sion a \u00e9t\u00e9 concr\u00e9tis\u00e9e par la signature d&#8217;un m\u00e9morandum d\u2019entente le 11 janvier 2024 \u00e0 Manama, lors de la quatri\u00e8me r\u00e9union minist\u00e9rielle de la coalition, en pr\u00e9sence de M. Ryad Mezzour, ministre de l&#8217;Industrie et du Commerce du Maroc.<\/p>\n\n\n\n<p>Cette coalition, initi\u00e9e \u00e0 Abu Dhabi en mai 2022, vise \u00e0 promouvoir le d\u00e9veloppement \u00e9conomique durable, \u00e0 accro\u00eetre les opportunit\u00e9s d&#8217;investissement dans la r\u00e9gion, et \u00e0 int\u00e9grer les ressources et industries des pays membres. Son objectif principal est de cr\u00e9er un noyau \u00e9conomique et industriel r\u00e9gional robuste, capable de relever des d\u00e9fis communs et des crises mondiales, tout en renfor\u00e7ant la souverainet\u00e9 \u00e9conomique des nations partenaires, particuli\u00e8rement dans des secteurs cruciaux tels que l\u2019alimentation, la sant\u00e9, l\u2019\u00e9nergie et l\u2019industrie.<\/p>\n\n\n\n<p>M. Mezzour a d\u00e9clar\u00e9 dans son discours prononc\u00e9 lors de cette r\u00e9union minist\u00e9rielle de haut niveau\u00b0: \u00ab <em>L&#8217;adh\u00e9sion du Maroc \u00e0 la coalition industrielle int\u00e9gr\u00e9e s&#8217;inscrit dans le cadre de la vision \u00e9clair\u00e9e de Sa Majest\u00e9 le Roi Mohammed VI, que Dieu l\u2019Assiste, visant \u00e0 renforcer la coop\u00e9ration \u00e9conomique avec les pays de la r\u00e9gion et \u00e0 favoriser un d\u00e9veloppement \u00e9conomique durable pour les pays membres de cette alliance. Elle repr\u00e9sente \u00e9galement une opportunit\u00e9 pour renforcer l\u2019int\u00e9gration de nos industries et d\u00e9velopper davantage de projets qui g\u00e9n\u00e8rent de la croissance et des opportunit\u00e9s d\u2019emploi pour nos jeunes<\/em>. \u00bb<\/p>\n\n\n\n<p>Le Maroc, dot\u00e9 de ressources naturelles vari\u00e9es, d&#8217;un capital humain qualifi\u00e9, d&#8217;infrastructures avanc\u00e9es et d&#8217;un vaste r\u00e9seau de partenariats internationaux, apporte une contribution significative \u00e0 cette alliance, ouvrant la voie \u00e0 des investissements industriels compl\u00e9mentaires et b\u00e9n\u00e9fiques entre les pays partenaires.<\/p>\n","protected":false},"excerpt":{"rendered":"<p>Le Maroc a officialis\u00e9 son adh\u00e9sion \u00e0 la coalition industrielle int\u00e9gr\u00e9e pour le d\u00e9veloppement \u00e9conomique durable, rejoignant ainsi les \u00c9mirats arabes unis, l&#8217;\u00c9gypte, la Jordanie et le Bahre\u00efn. Cette adh\u00e9sion a \u00e9t\u00e9 concr\u00e9tis\u00e9e par la signature d&#8217;un m\u00e9morandum d\u2019entente le 11 janvier 2024 \u00e0 Manama, lors de la quatri\u00e8me r\u00e9union minist\u00e9rielle de la coalition, en &hellip;<\/p>\n","protected":false},"author":1,"featured_media":8347,"comment_status":"open","ping_status":"closed","sticky":false,"template":"","format":"standard","meta":{"footnotes":""},"categories":[6,2],"tags":[],"class_list":["post-8346","post","type-post","status-publish","format-standard","has-post-thumbnail","","category-a-la-une","category-actus-maroc"],"aioseo_notices":[],"_links":{"self":[{"href":"https:\/\/www.foodmagazine.ma\/index.php?rest_route=\/wp\/v2\/posts\/8346","targetHints":{"allow":["GET"]}}],"collection":[{"href":"https:\/\/www.foodmagazine.ma\/index.php?rest_route=\/wp\/v2\/posts"}],"about":[{"href":"https:\/\/www.foodmagazine.ma\/index.php?rest_route=\/wp\/v2\/types\/post"}],"author":[{"embeddable":true,"href":"https:\/\/www.foodmagazine.ma\/index.php?rest_route=\/wp\/v2\/users\/1"}],"replies":[{"embeddable":true,"href":"https:\/\/www.foodmagazine.ma\/index.php?rest_route=%2Fwp%2Fv2%2Fcomments&post=8346"}],"version-history":[{"count":1,"href":"https:\/\/www.foodmagazine.ma\/index.php?rest_route=\/wp\/v2\/posts\/8346\/revisions"}],"predecessor-version":[{"id":8348,"href":"https:\/\/www.foodmagazine.ma\/index.php?rest_route=\/wp\/v2\/posts\/8346\/revisions\/8348"}],"wp:featuredmedia":[{"embeddable":true,"href":"https:\/\/www.foodmagazine.ma\/index.php?rest_route=\/wp\/v2\/media\/8347"}],"wp:attachment":[{"href":"https:\/\/www.foodmagazine.ma\/index.php?rest_route=%2Fwp%2Fv2%2Fmedia&parent=8346"}],"wp:term":[{"taxonomy":"category","embeddable":true,"href":"https:\/\/www.foodmagazine.ma\/index.php?rest_route=%2Fwp%2Fv2%2Fcategories&post=8346"},{"taxonomy":"post_tag","embeddable":true,"href":"https:\/\/www.foodmagazine.ma\/index.php?rest_route=%2Fwp%2Fv2%2Ftags&post=8346"}],"curies":[{"name":"wp","href":"https:\/\/api.w.org\/{rel}","templated":true}]}}