{"id":8478,"date":"2024-02-06T11:54:47","date_gmt":"2024-02-06T10:54:47","guid":{"rendered":"https:\/\/www.foodmagazine.ma\/?p=8478"},"modified":"2024-02-06T11:54:47","modified_gmt":"2024-02-06T10:54:47","slug":"macf-le-maroc-face-a-la-neutralite-carbone-et-lavenir-de-ses-exportations","status":"publish","type":"post","link":"https:\/\/www.foodmagazine.ma\/?p=8478","title":{"rendered":"MACF : le Maroc face \u00e0 la neutralit\u00e9 carbone et l&#8217;avenir de ses exportations"},"content":{"rendered":"\n<figure class=\"wp-block-image size-full\"><img loading=\"lazy\" decoding=\"async\" width=\"1000\" height=\"649\" src=\"https:\/\/www.foodmagazine.ma\/wp-content\/uploads\/2023\/09\/ASMEX.jpg\" alt=\"\" class=\"wp-image-7896\" srcset=\"https:\/\/www.foodmagazine.ma\/wp-content\/uploads\/2023\/09\/ASMEX.jpg 1000w, https:\/\/www.foodmagazine.ma\/wp-content\/uploads\/2023\/09\/ASMEX-300x195.jpg 300w, https:\/\/www.foodmagazine.ma\/wp-content\/uploads\/2023\/09\/ASMEX-768x498.jpg 768w\" sizes=\"auto, (max-width: 1000px) 100vw, 1000px\" \/><\/figure>\n\n\n\n<p>L&#8217;Association Marocaine des Exportateurs (ASMEX) a organis\u00e9 une conf\u00e9rence en partenariat avec Engie et Bureau Veritas, avec le soutien de la Banque Populaire, sur le th\u00e8me de la &#8220;D\u00e9carbonation des Industries exportatrices : parcours et \u00e9ch\u00e9ances&#8221;. L&#8217;\u00e9v\u00e9nement s&#8217;est tenu \u00e0 l&#8217;h\u00f4tel Pullman Mazagan Royal Golf El Jadida le 31 janvier 2024.<\/p>\n\n\n\n<p>La conf\u00e9rence a mis en lumi\u00e8re les enjeux et opportunit\u00e9s li\u00e9s au nouveau M\u00e9canisme d&#8217;Ajustement Carbone aux Fronti\u00e8res (MACF), le bilan carbone et la certification, ainsi que les solutions renouvelables telles que le solaire, l&#8217;\u00e9olien, le biogaz et l&#8217;hydrog\u00e8ne vert.<\/p>\n\n\n\n<p>Le Maroc, en tant que pays exportateur, est directement concern\u00e9 par le MACF, une r\u00e9solution vot\u00e9e par le Parlement europ\u00e9en en octobre dernier. Cette r\u00e9solution vise \u00e0 atteindre la neutralit\u00e9 carbone et \u00e0 lutter contre le changement climatique. \u00c9tant donn\u00e9 que 65 % des exportations marocaines sont destin\u00e9es \u00e0 l&#8217;Union Europ\u00e9enne, cette nouvelle r\u00e9solution aura un impact sur les entreprises exportatrices \u00e0 partir de 2026. Le Maroc doit donc s&#8217;adapter en d\u00e9veloppant des \u00e9nergies vertes et en consid\u00e9rant les opportunit\u00e9s offertes par ce changement.<\/p>\n\n\n\n<p>La d\u00e9carbonation des industries am\u00e9liore la comp\u00e9titivit\u00e9 des entreprises en r\u00e9pondant \u00e0 la demande croissante de pratiques durables et en r\u00e9duisant les co\u00fbts de production. Les principaux secteurs concern\u00e9s sont le fer et l&#8217;acier, l&#8217;aluminium, le ciment, l&#8217;engrais, l&#8217;\u00e9lectricit\u00e9 et l&#8217;hydrog\u00e8ne, mais de plus en plus de secteurs seront concern\u00e9s \u00e0 l&#8217;avenir.<\/p>\n\n\n\n<p>La conf\u00e9rence a soulign\u00e9 l&#8217;importance de la d\u00e9carbonation pour le Maroc, tant sur le plan environnemental qu&#8217;\u00e9conomique, en cr\u00e9ant des emplois, en am\u00e9liorant la comp\u00e9titivit\u00e9 et en renfor\u00e7ant l&#8217;int\u00e9gration r\u00e9gionale et africaine du pays.<\/p>\n\n\n\n<p>Des solutions financi\u00e8res telles que le &#8220;Financement Vert&#8221; ont \u00e9t\u00e9 propos\u00e9es pour encourager les entreprises \u00e0 s&#8217;engager dans la d\u00e9carbonation. De plus, des outils de comptabilisation carbone ont \u00e9t\u00e9 pr\u00e9sent\u00e9s, avec un accent sur l&#8217;outil de la Fondation Mohammed VI, adapt\u00e9 au contexte marocain.<\/p>\n\n\n\n<p>Cette conf\u00e9rence a permis de sensibiliser les acteurs \u00e9conomiques marocains \u00e0 l&#8217;importance de la d\u00e9carbonation et de promouvoir des pratiques industrielles plus durables et respectueuses de l&#8217;environnement.<\/p>\n","protected":false},"excerpt":{"rendered":"<p>L&#8217;Association Marocaine des Exportateurs (ASMEX) a organis\u00e9 une conf\u00e9rence en partenariat avec Engie et Bureau Veritas, avec le soutien de la Banque Populaire, sur le th\u00e8me de la &#8220;D\u00e9carbonation des Industries exportatrices : parcours et \u00e9ch\u00e9ances&#8221;. L&#8217;\u00e9v\u00e9nement s&#8217;est tenu \u00e0 l&#8217;h\u00f4tel Pullman Mazagan Royal Golf El Jadida le 31 janvier 2024. La conf\u00e9rence a mis &hellip;<\/p>\n","protected":false},"author":1,"featured_media":7896,"comment_status":"open","ping_status":"closed","sticky":false,"template":"","format":"standard","meta":{"footnotes":""},"categories":[6,2],"tags":[],"class_list":["post-8478","post","type-post","status-publish","format-standard","has-post-thumbnail","","category-a-la-une","category-actus-maroc"],"aioseo_notices":[],"_links":{"self":[{"href":"https:\/\/www.foodmagazine.ma\/index.php?rest_route=\/wp\/v2\/posts\/8478","targetHints":{"allow":["GET"]}}],"collection":[{"href":"https:\/\/www.foodmagazine.ma\/index.php?rest_route=\/wp\/v2\/posts"}],"about":[{"href":"https:\/\/www.foodmagazine.ma\/index.php?rest_route=\/wp\/v2\/types\/post"}],"author":[{"embeddable":true,"href":"https:\/\/www.foodmagazine.ma\/index.php?rest_route=\/wp\/v2\/users\/1"}],"replies":[{"embeddable":true,"href":"https:\/\/www.foodmagazine.ma\/index.php?rest_route=%2Fwp%2Fv2%2Fcomments&post=8478"}],"version-history":[{"count":1,"href":"https:\/\/www.foodmagazine.ma\/index.php?rest_route=\/wp\/v2\/posts\/8478\/revisions"}],"predecessor-version":[{"id":8479,"href":"https:\/\/www.foodmagazine.ma\/index.php?rest_route=\/wp\/v2\/posts\/8478\/revisions\/8479"}],"wp:featuredmedia":[{"embeddable":true,"href":"https:\/\/www.foodmagazine.ma\/index.php?rest_route=\/wp\/v2\/media\/7896"}],"wp:attachment":[{"href":"https:\/\/www.foodmagazine.ma\/index.php?rest_route=%2Fwp%2Fv2%2Fmedia&parent=8478"}],"wp:term":[{"taxonomy":"category","embeddable":true,"href":"https:\/\/www.foodmagazine.ma\/index.php?rest_route=%2Fwp%2Fv2%2Fcategories&post=8478"},{"taxonomy":"post_tag","embeddable":true,"href":"https:\/\/www.foodmagazine.ma\/index.php?rest_route=%2Fwp%2Fv2%2Ftags&post=8478"}],"curies":[{"name":"wp","href":"https:\/\/api.w.org\/{rel}","templated":true}]}}