{"id":8775,"date":"2024-04-02T17:34:50","date_gmt":"2024-04-02T17:34:50","guid":{"rendered":"https:\/\/www.foodmagazine.ma\/?p=8775"},"modified":"2024-04-02T17:34:51","modified_gmt":"2024-04-02T17:34:51","slug":"le-24eme-congres-mondial-de-l-iapri-une-rencontre-de-linnovation-et-de-la-technologie","status":"publish","type":"post","link":"https:\/\/www.foodmagazine.ma\/?p=8775","title":{"rendered":"Le 24\u00e8me\u00a0congr\u00e8s mondial de l&#8217;\u00a0IAPRI: une rencontre de l&#8217;innovation et de la technologie"},"content":{"rendered":"\n<figure class=\"wp-block-image size-full\"><img loading=\"lazy\" decoding=\"async\" width=\"1000\" height=\"567\" src=\"https:\/\/www.foodmagazine.ma\/wp-content\/uploads\/2024\/04\/Press-Release-photo.jpg\" alt=\"\" class=\"wp-image-8776\" srcset=\"https:\/\/www.foodmagazine.ma\/wp-content\/uploads\/2024\/04\/Press-Release-photo.jpg 1000w, https:\/\/www.foodmagazine.ma\/wp-content\/uploads\/2024\/04\/Press-Release-photo-300x170.jpg 300w, https:\/\/www.foodmagazine.ma\/wp-content\/uploads\/2024\/04\/Press-Release-photo-768x435.jpg 768w\" sizes=\"auto, (max-width: 1000px) 100vw, 1000px\" \/><\/figure>\n\n\n\n<p>Plus de 200 scientifiques issus d&#8217;entreprises et de centres de recherche de 32 pays diff\u00e9rents se rassembleront \u00e0 Valence, du 17 au 21 juin cette ann\u00e9e, \u00e0 l&#8217;occasion de la 24<sup>\u00e8me\u00a0<\/sup>\u00e9dition du Congr\u00e8s Mondial de l&#8217;IAPRI sur l&#8217;emballage, organis\u00e9 par ITENE. Cet \u00e9v\u00e9nement co\u00efncide avec le trenti\u00e8me anniversaire du centre technologique et repr\u00e9sente le congr\u00e8s scientifique et technologique le plus important du secteur de l&#8217;emballage.<\/p>\n\n\n\n<p>Les travaux de recherche, d&#8217;innovation et de technologie s\u00e9lectionn\u00e9s seront pr\u00e9sent\u00e9s soit oralement dans l&#8217;une des quatre sessions parall\u00e8les, soit sous forme de posters scientifiques dans l&#8217;espace d&#8217;exposition. Ils seront \u00e9galement publi\u00e9s dans un ouvrage sp\u00e9cial. Le comit\u00e9 scientifique, compos\u00e9 d&#8217;experts internationaux en emballage, a \u00e9valu\u00e9 les contributions les plus notables qui composeront le programme de la conf\u00e9rence, qui s&#8217;attend \u00e0 accueillir plus de 400 participants.<\/p>\n\n\n\n<p>Javier Zabaleta, directeur g\u00e9n\u00e9ral d&#8217;ITENE, a d\u00e9clar\u00e9: \u00ab&nbsp;<em>La qualit\u00e9 et la quantit\u00e9 des r\u00e9sum\u00e9s re\u00e7us soulignent l&#8217;importance mondiale de la 24<sup>\u00e8me<\/sup>&nbsp;Conf\u00e9rence Mondiale de l&#8217;IAPRI sur l&#8217;emballage. Nous sommes ravis d&#8217;accueillir de nombreux chercheurs de renom et des experts internationaux \u00e0 Valence<\/em>.&nbsp;\u00bb<\/p>\n\n\n\n<p>L&#8217;\u00e9v\u00e9nement se d\u00e9roulera \u00e0 l&#8217;H\u00f4tel SH Valencia Palace et couvrira une vaste gamme de sujets, allant des mat\u00e9riaux d&#8217;emballage aux technologies et \u00e0 la durabilit\u00e9 de l&#8217;emballage. Les billets sont disponibles \u00e0 l&#8217;achat sur le site web de la conf\u00e9rence pour ceux qui souhaitent d\u00e9couvrir les innovations et les tendances qui transforment l&#8217;industrie de l&#8217;emballage.<\/p>\n\n\n\n<p>Le programme inclura \u00e9galement des activit\u00e9s compl\u00e9mentaires telles que des visites guid\u00e9es de Valence, des rencontres sociales, et un d\u00eener officiel pour c\u00e9l\u00e9brer les 30 ans d&#8217;ITENE, offrant ainsi une exp\u00e9rience riche et diversifi\u00e9e aux participants.<\/p>\n","protected":false},"excerpt":{"rendered":"<p>Plus de 200 scientifiques issus d&#8217;entreprises et de centres de recherche de 32 pays diff\u00e9rents se rassembleront \u00e0 Valence, du 17 au 21 juin cette ann\u00e9e, \u00e0 l&#8217;occasion de la 24\u00e8me\u00a0\u00e9dition du Congr\u00e8s Mondial de l&#8217;IAPRI sur l&#8217;emballage, organis\u00e9 par ITENE. Cet \u00e9v\u00e9nement co\u00efncide avec le trenti\u00e8me anniversaire du centre technologique et repr\u00e9sente le congr\u00e8s &hellip;<\/p>\n","protected":false},"author":1,"featured_media":8776,"comment_status":"open","ping_status":"closed","sticky":false,"template":"","format":"standard","meta":{"footnotes":""},"categories":[6,3],"tags":[],"class_list":["post-8775","post","type-post","status-publish","format-standard","has-post-thumbnail","","category-a-la-une","category-actus-monde"],"aioseo_notices":[],"_links":{"self":[{"href":"https:\/\/www.foodmagazine.ma\/index.php?rest_route=\/wp\/v2\/posts\/8775","targetHints":{"allow":["GET"]}}],"collection":[{"href":"https:\/\/www.foodmagazine.ma\/index.php?rest_route=\/wp\/v2\/posts"}],"about":[{"href":"https:\/\/www.foodmagazine.ma\/index.php?rest_route=\/wp\/v2\/types\/post"}],"author":[{"embeddable":true,"href":"https:\/\/www.foodmagazine.ma\/index.php?rest_route=\/wp\/v2\/users\/1"}],"replies":[{"embeddable":true,"href":"https:\/\/www.foodmagazine.ma\/index.php?rest_route=%2Fwp%2Fv2%2Fcomments&post=8775"}],"version-history":[{"count":1,"href":"https:\/\/www.foodmagazine.ma\/index.php?rest_route=\/wp\/v2\/posts\/8775\/revisions"}],"predecessor-version":[{"id":8777,"href":"https:\/\/www.foodmagazine.ma\/index.php?rest_route=\/wp\/v2\/posts\/8775\/revisions\/8777"}],"wp:featuredmedia":[{"embeddable":true,"href":"https:\/\/www.foodmagazine.ma\/index.php?rest_route=\/wp\/v2\/media\/8776"}],"wp:attachment":[{"href":"https:\/\/www.foodmagazine.ma\/index.php?rest_route=%2Fwp%2Fv2%2Fmedia&parent=8775"}],"wp:term":[{"taxonomy":"category","embeddable":true,"href":"https:\/\/www.foodmagazine.ma\/index.php?rest_route=%2Fwp%2Fv2%2Fcategories&post=8775"},{"taxonomy":"post_tag","embeddable":true,"href":"https:\/\/www.foodmagazine.ma\/index.php?rest_route=%2Fwp%2Fv2%2Ftags&post=8775"}],"curies":[{"name":"wp","href":"https:\/\/api.w.org\/{rel}","templated":true}]}}