{"id":8778,"date":"2024-04-02T17:36:04","date_gmt":"2024-04-02T17:36:04","guid":{"rendered":"https:\/\/www.foodmagazine.ma\/?p=8778"},"modified":"2024-04-02T17:36:05","modified_gmt":"2024-04-02T17:36:05","slug":"la-berd-soutient-la-transition-du-maroc-vers-une-economie-privee-et-durable","status":"publish","type":"post","link":"https:\/\/www.foodmagazine.ma\/?p=8778","title":{"rendered":"La BERD soutient la transition du Maroc vers une \u00e9conomie priv\u00e9e et durable"},"content":{"rendered":"\n<figure class=\"wp-block-image size-full\"><img loading=\"lazy\" decoding=\"async\" width=\"1000\" height=\"575\" src=\"https:\/\/www.foodmagazine.ma\/wp-content\/uploads\/2024\/04\/BERD.jpg\" alt=\"\" class=\"wp-image-8779\" srcset=\"https:\/\/www.foodmagazine.ma\/wp-content\/uploads\/2024\/04\/BERD.jpg 1000w, https:\/\/www.foodmagazine.ma\/wp-content\/uploads\/2024\/04\/BERD-300x173.jpg 300w, https:\/\/www.foodmagazine.ma\/wp-content\/uploads\/2024\/04\/BERD-768x442.jpg 768w\" sizes=\"auto, (max-width: 1000px) 100vw, 1000px\" \/><\/figure>\n\n\n\n<p>La Banque Europ\u00e9enne pour la Reconstruction et le D\u00e9veloppement (BERD) a approuv\u00e9 sa strat\u00e9gie pays pour le Maroc sur la p\u00e9riode 2024-2029, en alignement \u00e9troit avec le gouvernement marocain. Cette strat\u00e9gie se concentre sur trois priorit\u00e9s : promouvoir une \u00e9conomie davantage tir\u00e9e par le secteur priv\u00e9, renforcer la coh\u00e9sion sociale et r\u00e9duire les disparit\u00e9s r\u00e9gionales pour une croissance plus inclusive, et acc\u00e9l\u00e9rer la transition vers une \u00e9conomie verte \u00e0 travers des initiatives durables en mati\u00e8re d&#8217;\u00e9nergie, d&#8217;eau et d&#8217;infrastructure.<\/p>\n\n\n\n<p>Antoine Sall\u00e9 de Chou, chef de la BERD pour le Maroc, souligne l&#8217;importance de cette nouvelle strat\u00e9gie comme un guide pour les investissements et le dialogue politique futurs, visant \u00e0 stimuler une croissance \u00e9conomique inclusive et durable au Maroc.<\/p>\n\n\n\n<p>La strat\u00e9gie soutient la transition du Maroc vers une \u00e9conomie ax\u00e9e sur l&#8217;investissement priv\u00e9, en s&#8217;appuyant sur le Nouveau Mod\u00e8le de D\u00e9veloppement. La BERD mobilisera ses outils financiers et ses initiatives consultatives pour int\u00e9grer davantage les entreprises marocaines et les PME dans les cha\u00eenes de valeur mondiales, d\u00e9velopper les march\u00e9s de capitaux, promouvoir l&#8217;int\u00e9gration r\u00e9gionale et renforcer la position du Maroc comme porte d&#8217;entr\u00e9e vers l&#8217;Afrique. Elle appuiera \u00e9galement la r\u00e9forme globale des entreprises publiques et l&#8217;expansion des partenariats public-priv\u00e9 prometteurs.<\/p>\n\n\n\n<p>L&#8217;attention est particuli\u00e8rement port\u00e9e \u00e0 la distribution \u00e9quitable de la croissance, visant \u00e0 am\u00e9liorer l&#8217;inclusion \u00e9conomique des femmes et des jeunes. La Banque \u0153uvrera \u00e0 faciliter l&#8217;acc\u00e8s au financement et aux conseils pour ces groupes, \u00e0 r\u00e9duire les inad\u00e9quations de comp\u00e9tences, \u00e0 att\u00e9nuer les disparit\u00e9s r\u00e9gionales et \u00e0 soutenir les infrastructures et opportunit\u00e9s \u00e9conomiques dans les r\u00e9gions touch\u00e9es par le s\u00e9isme du 8 septembre 2023.<\/p>\n\n\n\n<p>La strat\u00e9gie vise \u00e9galement \u00e0 acc\u00e9l\u00e9rer la transition vers une \u00e9conomie verte, capitalisant sur la dynamique positive du pays. Face \u00e0 la n\u00e9cessit\u00e9 de g\u00e9rer efficacement les ressources en eau, la BERD cherchera \u00e0 financer et promouvoir des projets d&#8217;eau qui favorisent la conservation, am\u00e9liorent la gestion de l&#8217;eau et abordent la question de la p\u00e9nurie. La transition \u00e9nerg\u00e9tique, l&#8217;intensification des \u00e9nergies renouvelables et les mesures d&#8217;adaptation au changement climatique sont d&#8217;autres domaines o\u00f9 le Maroc sera encourag\u00e9 dans sa marche vers la neutralit\u00e9 carbone.<\/p>\n\n\n\n<p>Au cours de la p\u00e9riode strat\u00e9gique pr\u00e9c\u00e9dente, la Banque a investi 1,6 milliard d&#8217;euros pour exploiter le potentiel entrepreneurial du Maroc, 730 millions d&#8217;euros dans des projets d&#8217;infrastructure cl\u00e9s, 700 millions d&#8217;euros pour la durabilit\u00e9 et la commercialisation des services publics et des infrastructures, et 100 millions d&#8217;euros pour le d\u00e9veloppement des march\u00e9s de capitaux.<\/p>\n\n\n\n<p>La nouvelle strat\u00e9gie pays, approuv\u00e9e apr\u00e8s une p\u00e9riode de consultation approfondie et refl\u00e9tant les retours des actionnaires, des autorit\u00e9s marocaines, du secteur priv\u00e9 et de la soci\u00e9t\u00e9 civile, t\u00e9moigne de l&#8217;engagement continu de la BERD envers le d\u00e9veloppement du Maroc, membre fondateur de la Banque, o\u00f9 elle a investi plus de 4,5 milliards d&#8217;euros dans 102 projets depuis 2012.<\/p>\n","protected":false},"excerpt":{"rendered":"<p>La Banque Europ\u00e9enne pour la Reconstruction et le D\u00e9veloppement (BERD) a approuv\u00e9 sa strat\u00e9gie pays pour le Maroc sur la p\u00e9riode 2024-2029, en alignement \u00e9troit avec le gouvernement marocain. Cette strat\u00e9gie se concentre sur trois priorit\u00e9s : promouvoir une \u00e9conomie davantage tir\u00e9e par le secteur priv\u00e9, renforcer la coh\u00e9sion sociale et r\u00e9duire les disparit\u00e9s r\u00e9gionales &hellip;<\/p>\n","protected":false},"author":1,"featured_media":8779,"comment_status":"open","ping_status":"closed","sticky":false,"template":"","format":"standard","meta":{"footnotes":""},"categories":[6,2],"tags":[],"class_list":["post-8778","post","type-post","status-publish","format-standard","has-post-thumbnail","","category-a-la-une","category-actus-maroc"],"aioseo_notices":[],"_links":{"self":[{"href":"https:\/\/www.foodmagazine.ma\/index.php?rest_route=\/wp\/v2\/posts\/8778","targetHints":{"allow":["GET"]}}],"collection":[{"href":"https:\/\/www.foodmagazine.ma\/index.php?rest_route=\/wp\/v2\/posts"}],"about":[{"href":"https:\/\/www.foodmagazine.ma\/index.php?rest_route=\/wp\/v2\/types\/post"}],"author":[{"embeddable":true,"href":"https:\/\/www.foodmagazine.ma\/index.php?rest_route=\/wp\/v2\/users\/1"}],"replies":[{"embeddable":true,"href":"https:\/\/www.foodmagazine.ma\/index.php?rest_route=%2Fwp%2Fv2%2Fcomments&post=8778"}],"version-history":[{"count":1,"href":"https:\/\/www.foodmagazine.ma\/index.php?rest_route=\/wp\/v2\/posts\/8778\/revisions"}],"predecessor-version":[{"id":8780,"href":"https:\/\/www.foodmagazine.ma\/index.php?rest_route=\/wp\/v2\/posts\/8778\/revisions\/8780"}],"wp:featuredmedia":[{"embeddable":true,"href":"https:\/\/www.foodmagazine.ma\/index.php?rest_route=\/wp\/v2\/media\/8779"}],"wp:attachment":[{"href":"https:\/\/www.foodmagazine.ma\/index.php?rest_route=%2Fwp%2Fv2%2Fmedia&parent=8778"}],"wp:term":[{"taxonomy":"category","embeddable":true,"href":"https:\/\/www.foodmagazine.ma\/index.php?rest_route=%2Fwp%2Fv2%2Fcategories&post=8778"},{"taxonomy":"post_tag","embeddable":true,"href":"https:\/\/www.foodmagazine.ma\/index.php?rest_route=%2Fwp%2Fv2%2Ftags&post=8778"}],"curies":[{"name":"wp","href":"https:\/\/api.w.org\/{rel}","templated":true}]}}