{"id":8790,"date":"2024-04-02T17:44:54","date_gmt":"2024-04-02T17:44:54","guid":{"rendered":"https:\/\/www.foodmagazine.ma\/?p=8790"},"modified":"2024-04-02T18:50:12","modified_gmt":"2024-04-02T18:50:12","slug":"afi-morocco-foodex-le-rendez-vous-agroalimentaire-us-mar-a-ne-pas-manquer-en-2024","status":"publish","type":"post","link":"https:\/\/www.foodmagazine.ma\/?p=8790","title":{"rendered":"AFI\/Morocco Foodex\u00a0: le rendez-vous agroalimentaire US-MAR \u00e0 ne pas manquer en 2024"},"content":{"rendered":"\n<figure class=\"wp-block-image size-full\"><img loading=\"lazy\" decoding=\"async\" width=\"1000\" height=\"637\" src=\"https:\/\/www.foodmagazine.ma\/wp-content\/uploads\/2024\/04\/af95707d-d428-4a8a-9277-b660813ead5d.jpg\" alt=\"\" class=\"wp-image-8793\" srcset=\"https:\/\/www.foodmagazine.ma\/wp-content\/uploads\/2024\/04\/af95707d-d428-4a8a-9277-b660813ead5d.jpg 1000w, https:\/\/www.foodmagazine.ma\/wp-content\/uploads\/2024\/04\/af95707d-d428-4a8a-9277-b660813ead5d-300x191.jpg 300w, https:\/\/www.foodmagazine.ma\/wp-content\/uploads\/2024\/04\/af95707d-d428-4a8a-9277-b660813ead5d-768x489.jpg 768w\" sizes=\"auto, (max-width: 1000px) 100vw, 1000px\" \/><\/figure>\n\n\n\n<p>Marrakech se pr\u00e9pare \u00e0 accueillir, du 2 au 5 mai 2024, la 118<sup>\u00e8me<\/sup> convention annuelle de l&#8217;Association des Industries Alimentaires (AFI) am\u00e9ricaine, un \u00e9v\u00e9nement d&#8217;envergure internationale pour les professionnels de l&#8217;importation alimentaire. Pour cette assembl\u00e9e d\u00e9localis\u00e9e dans notre pays dans un partenariat strat\u00e9gique pens\u00e9 et organis\u00e9 avec Morocco Foodex, plus de 100 importateurs am\u00e9ricains sont attendus pour \u00e9changer et tisser des liens commerciaux avec les exportateurs marocains. Au c\u0153ur de cet \u00e9change, Karim Azzaoui, pr\u00e9sident du Conseil d\u2019Administration de l\u2019AFI, nous donne un aper\u00e7u exclusif des coulisses de l&#8217;organisation et des ambitions de cette \u00e9dition qui ouvre un nouveau chapitre de coop\u00e9ration transatlantique dans le secteur agroalimentaire. Ce rendez-vous pr\u00e9voit un programme riche et vari\u00e9, centr\u00e9 sur les enjeux actuels et futurs de l&#8217;industrie et promet d&#8217;\u00eatre un moment fort pour les professionnels du secteur.<\/p>\n\n\n\n<p>Cette rencontre internationale qui se pr\u00e9sente comme un carrefour d&#8217;\u00e9changes d\u2019exp\u00e9riences et de savoirs, accueillera des professionnels de toute la plan\u00e8te, une occasion unique de connecter les leaders de l&#8217;industrie agroalimentaire marocaine. Elle ouvrira de nouveaux horizons aux professionnels de l&#8217;alimentation \u00e0 travers des conf\u00e9rences anim\u00e9es par des personnalit\u00e9s influentes du secteur agroalimentaire, des discussions sur les meilleures pratiques et des moments de networking uniques. Cette convention ne se pr\u00e9sente pas seulement comme une plateforme d&#8217;\u00e9change et de r\u00e9seautage mais ambitionne \u00e9galement de poser les jalons d&#8217;une coop\u00e9ration renforc\u00e9e entre les acteurs marocains et internationaux du secteur agroalimentaire.<\/p>\n\n\n\n<p>Le partenariat avec Morocco Foodex est au c\u0153ur de cette dynamique, et met en perspective l&#8217;importance de d\u00e9velopper la consommation des produits agroalimentaires et de la p\u00eache marocains aux \u00c9tats-Unis. Cet article se veut le reflet d&#8217;une vision, celle d&#8217;un avenir o\u00f9 la proximit\u00e9 entre les continents est renforc\u00e9e par le partage de connaissances et d&#8217;opportunit\u00e9s commerciales, symbolis\u00e9 par la tenue de cette convention \u00e0 Marrakech.&nbsp;<\/p>\n\n\n\n<p><strong>AFI Marrakech : \u00e9lite agroalimentaire&nbsp;<\/strong><\/p>\n\n\n\n<p>Des conf\u00e9renciers de renom partageront leur expertise et leurs exp\u00e9riences lors de l\u2019\u00e9v\u00e9nement. Parmi eux, Muhtar Kent, ancien pr\u00e9sident-directeur g\u00e9n\u00e9ral de Coca-Cola Company, et H. Cuneyd Zapsu, fondateur et pr\u00e9sident du Groupe Balsu et de Zapzu Consultancy, animeront une session consacr\u00e9e aux d\u00e9fis et opportunit\u00e9s rencontr\u00e9s par les grandes corporations.<\/p>\n\n\n\n<p>Christopher Snabes, directeur de la S\u00e9curit\u00e9 Alimentaire au The Acheson Group (TAG), se concentrera sur les meilleures pratiques d&#8217;import\/export pour les aliments r\u00e9glement\u00e9s par la FDA, en mettant l&#8217;accent sur les \u00e9tapes de conformit\u00e9 attendues pour les aliments entrant aux \u00c9tats-Unis. Son intervention visera \u00e9galement \u00e0 \u00e9clairer les professionnels sur les mesures \u00e0 adopter pour \u00e9viter la r\u00e9tention des aliments aux fronti\u00e8res am\u00e9ricaines.<\/p>\n\n\n\n<p>Carlo Merlo, Chef des Bureaux \u00c9trangers pour CSQA, apportera son expertise sur les outils de soutien pour surveiller les fournisseurs \u00e9trangers, essentiels pour garantir la conformit\u00e9 aux r\u00e9glementations am\u00e9ricaines.<\/p>\n\n\n\n<p>Au programme \u00e9galement, une visite sera organis\u00e9e le 3 mai au Domaine de Marrakech (anciennement la Ferme du Baron de Rothschild), une ferme ol\u00e9icole, en partenariat avec Atlas Olive Oils. Cette journ\u00e9e, propos\u00e9e par AFI et Morocco Foodex, promet de marquer les esprits par son cadre exceptionnel et par la richesse des \u00e9changes qu&#8217;elle permettra.<\/p>\n\n\n\n<p>La convention de l&#8217;AFI 2024 s&#8217;annonce ainsi comme un carrefour&nbsp; exceptionnel pour les professionnels de l&#8217;industrie alimentaire, combinant connaissances pointues, networking de haut niveau et d\u00e9couvertes culturelles, le tout dans l&#8217;environnement unique de Marrakech.&nbsp;<\/p>\n\n\n<div class=\"wp-block-image\">\n<figure class=\"aligncenter size-large\"><img loading=\"lazy\" decoding=\"async\" width=\"684\" height=\"1024\" src=\"https:\/\/www.foodmagazine.ma\/wp-content\/uploads\/2024\/04\/USA-MOR-684x1024.jpg\" alt=\"\" class=\"wp-image-8791\" srcset=\"https:\/\/www.foodmagazine.ma\/wp-content\/uploads\/2024\/04\/USA-MOR-684x1024.jpg 684w, https:\/\/www.foodmagazine.ma\/wp-content\/uploads\/2024\/04\/USA-MOR-200x300.jpg 200w, https:\/\/www.foodmagazine.ma\/wp-content\/uploads\/2024\/04\/USA-MOR-768x1150.jpg 768w, https:\/\/www.foodmagazine.ma\/wp-content\/uploads\/2024\/04\/USA-MOR.jpg 1000w\" sizes=\"auto, (max-width: 684px) 100vw, 684px\" \/><figcaption class=\"wp-element-caption\"><em>Karim Azzaoui, pr\u00e9sident du Conseil d\u2019Administration de l\u2019AFI<\/em><\/figcaption><\/figure><\/div>\n\n\n<p><strong>Interview Karim Azzaoui, Chairman AFI<\/strong><\/p>\n\n\n\n<ol class=\"wp-block-list\">\n<li>Pourriez-vous nous parler du partenariat avec Morocco Foodex pour l&#8217;organisation de cet \u00e9v\u00e9nement ? Quel r\u00f4le joue cette collaboration dans son organisation et dans les opportunit\u00e9s offertes aux participants ?<\/li>\n<\/ol>\n\n\n\n<p>AFI et Morocco Foodex ont consolid\u00e9 une relation en juin 2023 lors du Fancy Food Show \u00e0 New York avec la signature d&#8217;un protocole d&#8217;accord. La base de ce m\u00e9morandum est de partager un objectif commun de croissance de la consommation des produits agroalimentaires et de la p\u00eache marocains aux \u00c9tats-Unis. L&#8217;ann\u00e9e derni\u00e8re, peu apr\u00e8s mon \u00e9lection en tant que Pr\u00e9sident, j&#8217;ai propos\u00e9 au conseil de l&#8217;AFI le Maroc comme lieu pour notre 118<sup>\u00e8me<\/sup>&nbsp;convention et cela a \u00e9t\u00e9 approuv\u00e9 \u00e0 l&#8217;unanimit\u00e9. FOODEX est devenu un partenaire naturel pour r\u00e9aliser un rassemblement r\u00e9ussi d&#8217;importateurs am\u00e9ricains, d&#8217;exportateurs marocains et de membres \u00e9trangers de l&#8217;AFI. Les deux parties ont d&#8217;importantes entreprises membres qui convergeront \u00e0 Marrakech avec un focus sur les rencontres B2B apportant de la valeur tant aux acheteurs des \u00c9tats-Unis qu&#8217;aux vendeurs du Maroc.<\/p>\n\n\n\n<ul class=\"wp-block-list\">\n<li>Pourriez-vous partager avec nos lecteurs les domaines d&#8217;expertise et les principaux sujets que les intervenants aborderont ?<\/li>\n<\/ul>\n\n\n\n<p>Nous aborderons divers sujets allant des meilleures pratiques d&#8217;import\/export pour les aliments r\u00e9gul\u00e9s par la FDA, la conformit\u00e9 \u00e0 la FDA des importateurs et exportateurs pour les aliments entrant aux \u00c9tats-Unis, et ce qui peut \u00eatre fait pour \u00e9viter que les aliments soient retenus \u00e0 la fronti\u00e8re am\u00e9ricaine. Il y aura une session couvrant les outils de soutien pour surveiller les fournisseurs \u00e9trangers. Nous accueillerons \u00e9galement 2 leaders de grandes entreprises qui offriront leurs perspectives sur les d\u00e9fis et opportunit\u00e9s de diriger de grandes organisations. Le panel est destin\u00e9 \u00e0 engager et inspirer les leaders des entreprises marocaines.<\/p>\n\n\n\n<ul class=\"wp-block-list\">\n<li>Quels sont les moments forts et cl\u00e9s pr\u00e9vus pendant cet \u00e9v\u00e9nement (visites, d\u00eeners, ateliers, etc.) ?<\/li>\n<\/ul>\n\n\n\n<p>Nous planifions deux sessions g\u00e9n\u00e9rales le matin et quelques rencontres B2B durant les apr\u00e8s-midis. L&#8217;espace offrira une connexion en t\u00eate-\u00e0-t\u00eate, entre importateurs et exportateurs. Je crois que les relations sont primordiales pour construire des partenariats durables. L&#8217;un de nos sponsors organisera un d\u00eener dans une ferme ol\u00e9icole et notre d\u00eener de gala sera sp\u00e9cial pour cl\u00f4turer la convention le 5 mai.<\/p>\n\n\n\n<ul class=\"wp-block-list\">\n<li>Y a-t-il des aspects sp\u00e9cifiques ou des attentes que les op\u00e9rateurs am\u00e9ricains ont envers leurs partenaires marocains ?<\/li>\n<\/ul>\n\n\n\n<p>Les importateurs sont ouverts d&#8217;esprit et accueillants envers de nouvelles sources d&#8217;approvisionnement. La plupart d&#8217;entre eux ont d\u00e9j\u00e0 plusieurs fournisseurs et ils seront certainement attentifs et \u00e0 l&#8217;\u00e9coute de leurs homologues. Il n&#8217;y a pas d&#8217;attentes sp\u00e9cifiques, cependant les importateurs sont constamment \u00e0 la recherche de nouveaux produits ; des produits de qualit\u00e9 et une cha\u00eene d&#8217;approvisionnement constante sont cruciaux pour eux.<\/p>\n\n\n\n<ul class=\"wp-block-list\">\n<li>Quelles sont les exigences, normes ou certifications n\u00e9cessaires pour pouvoir exporter aux \u00c9tats-Unis ?<\/li>\n<\/ul>\n\n\n\n<p>L&#8217;exigence la plus importante est l&#8217;enregistrement \u00e0 la FDA. Cela peut \u00eatre fait en ligne via le site web de la FDA ou par l&#8217;interm\u00e9diaire d&#8217;une soci\u00e9t\u00e9 tierce. Il y a plusieurs \u00e9tapes \u00e0 franchir, donc je recommanderais vivement de rejoindre notre association AFI ; les membres b\u00e9n\u00e9ficient d&#8217;une vaste gamme de services couvrant de nombreux aspects de l&#8217;industrie de l&#8217;importation. Plus d&#8217;informations sont publi\u00e9es sur notre site : afius.org.<\/p>\n\n\n\n<ul class=\"wp-block-list\">\n<li>Quels conseils donneriez-vous aux op\u00e9rateurs\/exportateurs marocains sur la meilleure fa\u00e7on d&#8217;aborder les op\u00e9rateurs am\u00e9ricains pendant cet \u00e9v\u00e9nement ?<\/li>\n<\/ul>\n\n\n\n<p>Il est important pour les exportateurs de pr\u00e9senter leur identit\u00e9 corporative et de mettre en valeur leur produit avec clart\u00e9. L&#8217;interaction sera courte et fluide ; le but est d&#8217;optimiser leur temps avec les acheteurs potentiels. Les \u00e9v\u00e9nements de r\u00e9seautage social deviendront alors des ancres pour produire de bons leads commerciaux.<\/p>\n\n\n\n<p><strong>Parcours Karim Azzaoui<\/strong><\/p>\n\n\n\n<p>Karim Azzaoui est n\u00e9 \u00e0 Oujda. Il a achev\u00e9 son \u00e9ducation primaire et secondaire au sein de la mission universitaire fran\u00e7aise au Lyc\u00e9e Lyautey \u00e0 Casablanca. Il a suivi des \u00e9tudes de premier cycle en \u00c9conomie \u00e0 l&#8217;Universit\u00e9 de Toulon et du Var et ses \u00e9tudes sup\u00e9rieures \u00e0 l&#8217;Universit\u00e9 Paris 8 Saint Denis. M. Azzaoui a \u00e9t\u00e9 accept\u00e9 et a rejoint le programme d&#8217;\u00e9tudes sp\u00e9cialis\u00e9es en Administration et Gestion \u00e0 l&#8217;Universit\u00e9 Harvard \u00e0 Cambridge, MA.<\/p>\n\n\n\n<p>Sa vie professionnelle a commenc\u00e9 en 1993 lorsqu&#8217;il a \u00e9t\u00e9 recrut\u00e9 par Azizler Holdings, une entreprise familiale, o\u00f9 il a occup\u00e9 des postes de direction et de membre du conseil d&#8217;administration. Karim Azzaoui est le fondateur de Balsu USA, Inc., une filiale bas\u00e9e aux \u00c9tats-Unis de Balsu GIDA (le plus grand transformateur ind\u00e9pendant de noisettes dans le monde).<\/p>\n\n\n\n<p>M. Azzaoui est actuellement le pr\u00e9sident de l&#8217;Association des Industries Alimentaires. Il est \u00e9galement membre du comit\u00e9 ex\u00e9cutif. Il a occup\u00e9 le poste de vice-pr\u00e9sident de l&#8217;association des noix de p\u00e9can et des fruits \u00e0 coque. Il a \u00e9galement servi en tant qu&#8217;ambassadeur aupr\u00e8s du Conseil International des Noix et Fruits Secs (INC) en Espagne. Il s&#8217;agit d&#8217;un programme con\u00e7u pour les membres s\u00e9lectionn\u00e9s afin de repr\u00e9senter l&#8217;association dans leurs pays respectifs : promouvoir l&#8217;association, collecter des donn\u00e9es (statistiques d&#8217;importations\/productions\/exportations, etc.) et recruter de nouveaux membres.<\/p>\n","protected":false},"excerpt":{"rendered":"<p>Marrakech se pr\u00e9pare \u00e0 accueillir, du 2 au 5 mai 2024, la 118\u00e8me convention annuelle de l&#8217;Association des Industries Alimentaires (AFI) am\u00e9ricaine, un \u00e9v\u00e9nement d&#8217;envergure internationale pour les professionnels de l&#8217;importation alimentaire. Pour cette assembl\u00e9e d\u00e9localis\u00e9e dans notre pays dans un partenariat strat\u00e9gique pens\u00e9 et organis\u00e9 avec Morocco Foodex, plus de 100 importateurs am\u00e9ricains sont &hellip;<\/p>\n","protected":false},"author":1,"featured_media":8793,"comment_status":"open","ping_status":"closed","sticky":false,"template":"","format":"standard","meta":{"footnotes":""},"categories":[6,2],"tags":[],"class_list":["post-8790","post","type-post","status-publish","format-standard","has-post-thumbnail","","category-a-la-une","category-actus-maroc"],"aioseo_notices":[],"_links":{"self":[{"href":"https:\/\/www.foodmagazine.ma\/index.php?rest_route=\/wp\/v2\/posts\/8790","targetHints":{"allow":["GET"]}}],"collection":[{"href":"https:\/\/www.foodmagazine.ma\/index.php?rest_route=\/wp\/v2\/posts"}],"about":[{"href":"https:\/\/www.foodmagazine.ma\/index.php?rest_route=\/wp\/v2\/types\/post"}],"author":[{"embeddable":true,"href":"https:\/\/www.foodmagazine.ma\/index.php?rest_route=\/wp\/v2\/users\/1"}],"replies":[{"embeddable":true,"href":"https:\/\/www.foodmagazine.ma\/index.php?rest_route=%2Fwp%2Fv2%2Fcomments&post=8790"}],"version-history":[{"count":6,"href":"https:\/\/www.foodmagazine.ma\/index.php?rest_route=\/wp\/v2\/posts\/8790\/revisions"}],"predecessor-version":[{"id":8802,"href":"https:\/\/www.foodmagazine.ma\/index.php?rest_route=\/wp\/v2\/posts\/8790\/revisions\/8802"}],"wp:featuredmedia":[{"embeddable":true,"href":"https:\/\/www.foodmagazine.ma\/index.php?rest_route=\/wp\/v2\/media\/8793"}],"wp:attachment":[{"href":"https:\/\/www.foodmagazine.ma\/index.php?rest_route=%2Fwp%2Fv2%2Fmedia&parent=8790"}],"wp:term":[{"taxonomy":"category","embeddable":true,"href":"https:\/\/www.foodmagazine.ma\/index.php?rest_route=%2Fwp%2Fv2%2Fcategories&post=8790"},{"taxonomy":"post_tag","embeddable":true,"href":"https:\/\/www.foodmagazine.ma\/index.php?rest_route=%2Fwp%2Fv2%2Ftags&post=8790"}],"curies":[{"name":"wp","href":"https:\/\/api.w.org\/{rel}","templated":true}]}}