{"id":8819,"date":"2024-04-09T11:08:07","date_gmt":"2024-04-09T11:08:07","guid":{"rendered":"https:\/\/www.foodmagazine.ma\/?p=8819"},"modified":"2024-04-09T11:08:08","modified_gmt":"2024-04-09T11:08:08","slug":"grand-retour-a-casablanca-de-preventica-rendez-vous-incontournable-de-la-securite-et-de-la-prevention-en-afrique","status":"publish","type":"post","link":"https:\/\/www.foodmagazine.ma\/?p=8819","title":{"rendered":"Grand retour \u00e0 Casablanca de Pr\u00e9ventica, rendez-vous incontournable de la s\u00e9curit\u00e9 et de la pr\u00e9vention en Afrique\u00a0"},"content":{"rendered":"\n<figure class=\"wp-block-image size-full\"><img loading=\"lazy\" decoding=\"async\" width=\"1000\" height=\"620\" src=\"https:\/\/www.foodmagazine.ma\/wp-content\/uploads\/2024\/04\/logo-preventica-maroc-2024.jpg\" alt=\"\" class=\"wp-image-8820\" srcset=\"https:\/\/www.foodmagazine.ma\/wp-content\/uploads\/2024\/04\/logo-preventica-maroc-2024.jpg 1000w, https:\/\/www.foodmagazine.ma\/wp-content\/uploads\/2024\/04\/logo-preventica-maroc-2024-300x186.jpg 300w, https:\/\/www.foodmagazine.ma\/wp-content\/uploads\/2024\/04\/logo-preventica-maroc-2024-768x476.jpg 768w\" sizes=\"auto, (max-width: 1000px) 100vw, 1000px\" \/><\/figure>\n\n\n\n<p>L&#8217;\u00e9v\u00e9nement Pr\u00e9ventica, d\u00e9di\u00e9 \u00e0 la s\u00e9curit\u00e9 et au d\u00e9veloppement durable, annonce son grand retour, suscitant un int\u00e9r\u00eat marqu\u00e9 de la part des op\u00e9rateurs marocains et internationaux. Pr\u00e9vue du 21 au 23 mai 2024, cette rencontre de professionnels du secteur s&#8217;annonce prometteuse, riche de ses 60 conf\u00e9rences et ateliers, de ses 150 exposants venus des quatre coins du monde, et de la participation de 4 500 d\u00e9cideurs. Depuis sa premi\u00e8re \u00e9dition en 2014, Pr\u00e9ventica s&#8217;est affirm\u00e9 comme un \u00e9v\u00e9nement phare, r\u00e9unissant dirigeants et professionnels autour des d\u00e9fis majeurs de la s\u00e9curit\u00e9 dans des domaines vari\u00e9s, tels que la sant\u00e9 au travail, la cybers\u00e9curit\u00e9 et la s\u00e9curit\u00e9 territoriale.<\/p>\n\n\n\n<p>La port\u00e9e internationale de l&#8217;\u00e9v\u00e9nement est soulign\u00e9e par le soutien de figures de renom, illustrant le prestige et l&#8217;impact de Pr\u00e9ventica sur la sc\u00e8ne internationale. Plus de 60 conf\u00e9rences seront accessibles gratuitement \u00e0 tous les participants, abordant des th\u00e9matiques essentielles telles que :<\/p>\n\n\n\n<ul class=\"wp-block-list\">\n<li>Le d\u00e9veloppement de la culture de la s\u00e9curit\u00e9 au Maroc<\/li>\n\n\n\n<li>Les strat\u00e9gies de gestion des catastrophes<\/li>\n\n\n\n<li>La gestion de la s\u00e9curit\u00e9 des activit\u00e9s portuaires &#8211; \u00c9conomie Bleue<\/li>\n\n\n\n<li>Le d\u00e9veloppement de la sant\u00e9 au travail au sein des administrations et collectivit\u00e9s locales<\/li>\n\n\n\n<li>La gestion de la s\u00e9curit\u00e9 lors des grands \u00e9v\u00e9nements sportifs et culturels<\/li>\n\n\n\n<li>La place des femmes dans les m\u00e9tiers de la s\u00e9curit\u00e9<\/li>\n\n\n\n<li>La normalisation et certification en sant\u00e9 et s\u00e9curit\u00e9 au travail<\/li>\n\n\n\n<li>Le management global de la s\u00e9curit\u00e9 routi\u00e8re en entreprise<\/li>\n\n\n\n<li>La mobilisation des sous-traitants sur la pr\u00e9vention des risques et le partage de bonnes pratiques<\/li>\n\n\n\n<li>La s\u00e9curit\u00e9 des proc\u00e9d\u00e9s industriels : Lean Management et Industrie 4.0<\/li>\n\n\n\n<li>Les enjeux de la transformation du travail et l&#8217;impact des nouvelles organisations<\/li>\n\n\n\n<li>La gestion de la s\u00fbret\u00e9 dans les secteurs vitaux : vol, vandalisme, intrusion<\/li>\n\n\n\n<li>L&#8217;impact de l&#8217;intelligence artificielle sur les r\u00e9seaux de s\u00e9curit\u00e9 \u00e9lectronique<\/li>\n\n\n\n<li>Les d\u00e9fis de la cybers\u00e9curit\u00e9 dans l&#8217;\u00e9conomie num\u00e9rique<\/li>\n\n\n\n<li>Les enjeux de s\u00e9curit\u00e9 dans les Smart Cities<\/li>\n<\/ul>\n\n\n\n<p>Avec des moments forts comme le Symposium Ecobleu sur la s\u00e9curit\u00e9 des activit\u00e9s portuaires et le Symposium Marocco-Am\u00e9ricain sur la gestion des catastrophes, Pr\u00e9ventica promet une \u00e9dition inoubliable, contribuant \u00e0 un avenir plus s\u00fbr et \u00e0 un d\u00e9veloppement \u00e9conomique durable.<\/p>\n","protected":false},"excerpt":{"rendered":"<p>L&#8217;\u00e9v\u00e9nement Pr\u00e9ventica, d\u00e9di\u00e9 \u00e0 la s\u00e9curit\u00e9 et au d\u00e9veloppement durable, annonce son grand retour, suscitant un int\u00e9r\u00eat marqu\u00e9 de la part des op\u00e9rateurs marocains et internationaux. Pr\u00e9vue du 21 au 23 mai 2024, cette rencontre de professionnels du secteur s&#8217;annonce prometteuse, riche de ses 60 conf\u00e9rences et ateliers, de ses 150 exposants venus des quatre &hellip;<\/p>\n","protected":false},"author":1,"featured_media":8820,"comment_status":"open","ping_status":"closed","sticky":false,"template":"","format":"standard","meta":{"footnotes":""},"categories":[6,2],"tags":[],"class_list":["post-8819","post","type-post","status-publish","format-standard","has-post-thumbnail","","category-a-la-une","category-actus-maroc"],"aioseo_notices":[],"_links":{"self":[{"href":"https:\/\/www.foodmagazine.ma\/index.php?rest_route=\/wp\/v2\/posts\/8819","targetHints":{"allow":["GET"]}}],"collection":[{"href":"https:\/\/www.foodmagazine.ma\/index.php?rest_route=\/wp\/v2\/posts"}],"about":[{"href":"https:\/\/www.foodmagazine.ma\/index.php?rest_route=\/wp\/v2\/types\/post"}],"author":[{"embeddable":true,"href":"https:\/\/www.foodmagazine.ma\/index.php?rest_route=\/wp\/v2\/users\/1"}],"replies":[{"embeddable":true,"href":"https:\/\/www.foodmagazine.ma\/index.php?rest_route=%2Fwp%2Fv2%2Fcomments&post=8819"}],"version-history":[{"count":1,"href":"https:\/\/www.foodmagazine.ma\/index.php?rest_route=\/wp\/v2\/posts\/8819\/revisions"}],"predecessor-version":[{"id":8821,"href":"https:\/\/www.foodmagazine.ma\/index.php?rest_route=\/wp\/v2\/posts\/8819\/revisions\/8821"}],"wp:featuredmedia":[{"embeddable":true,"href":"https:\/\/www.foodmagazine.ma\/index.php?rest_route=\/wp\/v2\/media\/8820"}],"wp:attachment":[{"href":"https:\/\/www.foodmagazine.ma\/index.php?rest_route=%2Fwp%2Fv2%2Fmedia&parent=8819"}],"wp:term":[{"taxonomy":"category","embeddable":true,"href":"https:\/\/www.foodmagazine.ma\/index.php?rest_route=%2Fwp%2Fv2%2Fcategories&post=8819"},{"taxonomy":"post_tag","embeddable":true,"href":"https:\/\/www.foodmagazine.ma\/index.php?rest_route=%2Fwp%2Fv2%2Ftags&post=8819"}],"curies":[{"name":"wp","href":"https:\/\/api.w.org\/{rel}","templated":true}]}}