{"id":8837,"date":"2024-04-09T11:17:43","date_gmt":"2024-04-09T11:17:43","guid":{"rendered":"https:\/\/www.foodmagazine.ma\/?p=8837"},"modified":"2024-04-09T11:17:43","modified_gmt":"2024-04-09T11:17:43","slug":"meknes-prepare-la-16eme-edition-du-salon-international-de-lagriculture-au-maroc","status":"publish","type":"post","link":"https:\/\/www.foodmagazine.ma\/?p=8837","title":{"rendered":"Mekn\u00e8s pr\u00e9pare la 16\u00e8me\u00a0\u00e9dition du Salon International de l&#8217;Agriculture au Maroc"},"content":{"rendered":"\n<figure class=\"wp-block-image size-full\"><img loading=\"lazy\" decoding=\"async\" width=\"1000\" height=\"667\" src=\"https:\/\/www.foodmagazine.ma\/wp-content\/uploads\/2024\/04\/Visuel-3.jpg\" alt=\"\" class=\"wp-image-8838\" srcset=\"https:\/\/www.foodmagazine.ma\/wp-content\/uploads\/2024\/04\/Visuel-3.jpg 1000w, https:\/\/www.foodmagazine.ma\/wp-content\/uploads\/2024\/04\/Visuel-3-300x200.jpg 300w, https:\/\/www.foodmagazine.ma\/wp-content\/uploads\/2024\/04\/Visuel-3-768x512.jpg 768w\" sizes=\"auto, (max-width: 1000px) 100vw, 1000px\" \/><\/figure>\n\n\n\n<p>Dans le cadre des pr\u00e9paratifs de la 16<sup>\u00e8me<\/sup>\u00a0\u00e9dition du Salon International de l\u2019Agriculture au Maroc (SIAM), M. Mohammed Sadiki, ministre de l\u2019Agriculture, de la P\u00eache maritime, du D\u00e9veloppement rural et des Eaux et for\u00eats, a effectu\u00e9 le vendredi 5 avril 2024, une visite d&#8217;inspection sur le site du SIAM \u00e0 Mekn\u00e8s. Accompagn\u00e9 de hautes personnalit\u00e9s r\u00e9gionales et locales, ainsi que de membres de l&#8217;organisation du salon, cette visite vise \u00e0 finaliser les arrangements pour l&#8217;\u00e9v\u00e9nement qui se tiendra du 22 au 28 avril sous le th\u00e8me \u00ab Climat et agriculture : Pour des syst\u00e8mes de production durables et r\u00e9silients \u00bb. Cet \u00e9v\u00e9nement est consid\u00e9r\u00e9 comme un rendez-vous incontournable pour le secteur agricole.<\/p>\n\n\n\n<p>Durant sa visite, M. Sadiki a soulign\u00e9 l&#8217;importance du SIAM comme lieu privil\u00e9gi\u00e9 d&#8217;\u00e9change et de communication, affirmant : \u00ab&nbsp;<em>Le SIAM se positionne aujourd\u2019hui comme une plateforme unique d\u2019\u00e9change et de communication autour de la vision et de la strat\u00e9gie de d\u00e9veloppement agricole de notre pays. Il offre une occasion idoine de rencontres avec les diff\u00e9rents partenaires, aussi bien nationaux qu\u2019internationaux<\/em>&nbsp;\u00bb. Cet \u00e9cho est renforc\u00e9 par M. Mohammed Fikrat, pr\u00e9sident de l\u2019Association du SIAM, qui envisage le salon comme un \u00ab&nbsp;<em>espace de rayonnement, de dialogue et d&#8217;innovation, propice \u00e0 l&#8217;\u00e9change de bonnes pratiques et \u00e0 l\u2019initiation et au renforcement de partenariats strat\u00e9giques<\/em>. \u00bb<\/p>\n\n\n\n<p>L\u2019\u00e9dition de cette ann\u00e9e se distingue par l&#8217;introduction d&#8217;un nouveau P\u00f4le \u00ab Agri-Digital \u00bb, une extension significative du p\u00f4le \u00ab produits du Terroir \u00bb, et l&#8217;adoption du E-ticket pour am\u00e9liorer l&#8217;acc\u00e8s au salon. Le pays invit\u00e9 d&#8217;honneur est l&#8217;Espagne<\/p>\n\n\n\n<p>M. Kamal Hidane, commissaire par int\u00e9rim du SIAM, met l&#8217;accent sur l&#8217;engagement des organisateurs pour une \u00e9dition exceptionnelle, affirmant que les travaux avancent \u00e0 une grande vitesse, t\u00e9moignant du dynamisme et de l&#8217;engagement de l&#8217;ensemble des intervenants pour offrir aux visiteurs une \u00e9dition sp\u00e9ciale&nbsp;: \u00ab&nbsp;<em>Nous nous employons \u00e0 offrir une organisation exemplaire pour cette 16<sup>\u00e8me<\/sup>&nbsp;\u00e9dition, refl\u00e9tant notre engagement envers le d\u00e9veloppement de l\u2019agriculture marocaine et internationale&nbsp;\u00bb<\/em>.<\/p>\n\n\n\n<p>L&#8217;\u00e9v\u00e9nement qui aura lieu sur plus de 12 hectares, pr\u00e9voit d&#8217;attirer plus de 950 000 visiteurs, avec la participation de pr\u00e8s de 70 pays et 1500 exposants, illustrant l&#8217;ambition marocaine de promouvoir des syst\u00e8mes de production agricole durables et r\u00e9silients, face aux d\u00e9fis du changement climatique.<\/p>\n","protected":false},"excerpt":{"rendered":"<p>Dans le cadre des pr\u00e9paratifs de la 16\u00e8me\u00a0\u00e9dition du Salon International de l\u2019Agriculture au Maroc (SIAM), M. Mohammed Sadiki, ministre de l\u2019Agriculture, de la P\u00eache maritime, du D\u00e9veloppement rural et des Eaux et for\u00eats, a effectu\u00e9 le vendredi 5 avril 2024, une visite d&#8217;inspection sur le site du SIAM \u00e0 Mekn\u00e8s. Accompagn\u00e9 de hautes personnalit\u00e9s &hellip;<\/p>\n","protected":false},"author":1,"featured_media":8838,"comment_status":"open","ping_status":"closed","sticky":false,"template":"","format":"standard","meta":{"footnotes":""},"categories":[6,2],"tags":[],"class_list":["post-8837","post","type-post","status-publish","format-standard","has-post-thumbnail","","category-a-la-une","category-actus-maroc"],"aioseo_notices":[],"_links":{"self":[{"href":"https:\/\/www.foodmagazine.ma\/index.php?rest_route=\/wp\/v2\/posts\/8837","targetHints":{"allow":["GET"]}}],"collection":[{"href":"https:\/\/www.foodmagazine.ma\/index.php?rest_route=\/wp\/v2\/posts"}],"about":[{"href":"https:\/\/www.foodmagazine.ma\/index.php?rest_route=\/wp\/v2\/types\/post"}],"author":[{"embeddable":true,"href":"https:\/\/www.foodmagazine.ma\/index.php?rest_route=\/wp\/v2\/users\/1"}],"replies":[{"embeddable":true,"href":"https:\/\/www.foodmagazine.ma\/index.php?rest_route=%2Fwp%2Fv2%2Fcomments&post=8837"}],"version-history":[{"count":1,"href":"https:\/\/www.foodmagazine.ma\/index.php?rest_route=\/wp\/v2\/posts\/8837\/revisions"}],"predecessor-version":[{"id":8839,"href":"https:\/\/www.foodmagazine.ma\/index.php?rest_route=\/wp\/v2\/posts\/8837\/revisions\/8839"}],"wp:featuredmedia":[{"embeddable":true,"href":"https:\/\/www.foodmagazine.ma\/index.php?rest_route=\/wp\/v2\/media\/8838"}],"wp:attachment":[{"href":"https:\/\/www.foodmagazine.ma\/index.php?rest_route=%2Fwp%2Fv2%2Fmedia&parent=8837"}],"wp:term":[{"taxonomy":"category","embeddable":true,"href":"https:\/\/www.foodmagazine.ma\/index.php?rest_route=%2Fwp%2Fv2%2Fcategories&post=8837"},{"taxonomy":"post_tag","embeddable":true,"href":"https:\/\/www.foodmagazine.ma\/index.php?rest_route=%2Fwp%2Fv2%2Ftags&post=8837"}],"curies":[{"name":"wp","href":"https:\/\/api.w.org\/{rel}","templated":true}]}}