{"id":8988,"date":"2024-04-30T12:46:00","date_gmt":"2024-04-30T11:46:00","guid":{"rendered":"https:\/\/www.foodmagazine.ma\/?p=8988"},"modified":"2024-04-30T22:25:59","modified_gmt":"2024-04-30T21:25:59","slug":"marrakech-accueille-du-3-au-4-mai-la-118eme-convention-annuelle-de-lassociation-of-food-industry","status":"publish","type":"post","link":"https:\/\/www.foodmagazine.ma\/?p=8988","title":{"rendered":"Marrakech accueille du 3 au 4 mai la 118\u00e8me\u00a0convention annuelle de l\u2019Association of Food Industry"},"content":{"rendered":"\n<figure class=\"wp-block-image size-full\"><img loading=\"lazy\" decoding=\"async\" width=\"1000\" height=\"704\" src=\"https:\/\/www.foodmagazine.ma\/wp-content\/uploads\/2024\/04\/Visuel_AFI_24.jpg\" alt=\"\" class=\"wp-image-8989\" srcset=\"https:\/\/www.foodmagazine.ma\/wp-content\/uploads\/2024\/04\/Visuel_AFI_24.jpg 1000w, https:\/\/www.foodmagazine.ma\/wp-content\/uploads\/2024\/04\/Visuel_AFI_24-300x211.jpg 300w, https:\/\/www.foodmagazine.ma\/wp-content\/uploads\/2024\/04\/Visuel_AFI_24-768x541.jpg 768w\" sizes=\"auto, (max-width: 1000px) 100vw, 1000px\" \/><\/figure>\n\n\n\n<p>La ville de Marrakech se pr\u00e9pare \u00e0 accueillir la 118<sup>\u00e8me&nbsp;<\/sup>Convention Annuelle de l\u2019Association of Food Industry (AFI), un \u00e9v\u00e9nement majeur pour l&#8217;industrie alimentaire qui aura lieu du 3 au 4 mai. Cette \u00e9dition est organis\u00e9e en \u00e9troite collaboration avec Morocco Foodex et marque une premi\u00e8re au Maroc. Elle vise \u00e0 renforcer les liens entre les march\u00e9s marocain et am\u00e9ricain dans les secteurs de l&#8217;agriculture et de l&#8217;agroalimentaire.<\/p>\n\n\n\n<p>L&#8217;AFI, une organisation am\u00e9ricaine fond\u00e9e en 1906, joue un r\u00f4le cl\u00e9 dans le soutien des entreprises d&#8217;importation alimentaire aux \u00c9tats-Unis en veillant \u00e0 la conformit\u00e9 r\u00e9glementaire et en promouvant des pratiques \u00e9quitables. La convention est une plateforme pour le partage de meilleures pratiques, le renforcement des r\u00e9seaux professionnels et la discussion sur les tendances \u00e9mergentes du secteur.<\/p>\n\n\n\n<p>La Convention pr\u00e9vue \u00e0 Marrakech du 3 au 4 mai, se concentrera sur l&#8217;\u00e9valuation des d\u00e9fis actuels et des opportunit\u00e9s \u00e0 venir dans l&#8217;industrie alimentaire et verra la participation d&#8217;\u00e9minents conf\u00e9renciers marocains et am\u00e9ricains, qui d\u00e9battront des principaux enjeux strat\u00e9giques et op\u00e9rationnels du secteur.<\/p>\n\n\n\n<p>La convention abritera d&#8217;importantes rencontres B2B et favorisera le dialogue direct entre exportateurs marocains et importateurs am\u00e9ricains ce qui offrira des opportunit\u00e9s pour d\u00e9velopper des relations commerciales entre importateurs, acheteurs et experts de l&#8217;industrie alimentaire \u00e0 l&#8217;\u00e9chelle internationale et ne manquera pas de renforcer les \u00e9changes commerciaux et d\u2019\u00e9tendre les r\u00e9seaux professionnels entre les deux continents.<\/p>\n\n\n\n<p>Parmi les intervenants figurent des personnalit\u00e9s influentes telles que Mme Ghita El Ghorfi, directrice g\u00e9n\u00e9rale de Morocco Foodex, et M. Rachid Benali, pr\u00e9sident de COMADER. Ils seront rejoints par M. Amine Mamou, membre influent de l&#8217;Association Maroc Citrus et directeur g\u00e9n\u00e9ral adjoint Export des Domaines. Pour la partie am\u00e9ricaine, M\u00a0; Benjamin Rau, repr\u00e9sentant de l&#8217;Ambassade des \u00c9tats-Unis en charge de l&#8217;Agriculture, et M. Christopher Snabes, directeur de la s\u00e9curit\u00e9 alimentaire chez The Acheson Group, apporteront leur expertise. Les interventions offriront un aper\u00e7u approfondi des enjeux strat\u00e9giques et op\u00e9rationnels du secteur. M. Joseph R. Profaci, directeur ex\u00e9cutif de l&#8217;Association nord-am\u00e9ricaine de l\u2019huile d\u2019olive, partagera ses insights sur le march\u00e9 international de l&#8217;huile d&#8217;olive. L&#8217;\u00e9v\u00e9nement b\u00e9n\u00e9ficiera \u00e9galement de la pr\u00e9sence de figures internationales de renom comme M. Muhtar Kent, ancien PDG de Coca-Cola Company, et M. H. Cuneyd Zapsu, fondateur et pr\u00e9sident du Groupe Balsu et de Zapsu Consultancy.<\/p>\n\n\n\n<p>En amont de la convention, M. Bob Bauer, pr\u00e9sident de l\u2019AFI, a dirig\u00e9 des master class les 29 et 30 avril \u00e0 Casablanca. Ces sessions se sont concentr\u00e9es sur le programme de v\u00e9rification des fournisseurs \u00e9trangers de la Food and Drug Administration, essentiel pour la conformit\u00e9 \u00e0 la loi am\u00e9ricaine sur la modernisation de la s\u00e9curit\u00e9 alimentaire.<\/p>\n","protected":false},"excerpt":{"rendered":"<p>La ville de Marrakech se pr\u00e9pare \u00e0 accueillir la 118\u00e8me&nbsp;Convention Annuelle de l\u2019Association of Food Industry (AFI), un \u00e9v\u00e9nement majeur pour l&#8217;industrie alimentaire qui aura lieu du 3 au 4 mai. Cette \u00e9dition est organis\u00e9e en \u00e9troite collaboration avec Morocco Foodex et marque une premi\u00e8re au Maroc. Elle vise \u00e0 renforcer les liens entre les &hellip;<\/p>\n","protected":false},"author":1,"featured_media":8989,"comment_status":"open","ping_status":"closed","sticky":false,"template":"","format":"standard","meta":{"footnotes":""},"categories":[6,2],"tags":[],"class_list":["post-8988","post","type-post","status-publish","format-standard","has-post-thumbnail","","category-a-la-une","category-actus-maroc"],"aioseo_notices":[],"_links":{"self":[{"href":"https:\/\/www.foodmagazine.ma\/index.php?rest_route=\/wp\/v2\/posts\/8988","targetHints":{"allow":["GET"]}}],"collection":[{"href":"https:\/\/www.foodmagazine.ma\/index.php?rest_route=\/wp\/v2\/posts"}],"about":[{"href":"https:\/\/www.foodmagazine.ma\/index.php?rest_route=\/wp\/v2\/types\/post"}],"author":[{"embeddable":true,"href":"https:\/\/www.foodmagazine.ma\/index.php?rest_route=\/wp\/v2\/users\/1"}],"replies":[{"embeddable":true,"href":"https:\/\/www.foodmagazine.ma\/index.php?rest_route=%2Fwp%2Fv2%2Fcomments&post=8988"}],"version-history":[{"count":3,"href":"https:\/\/www.foodmagazine.ma\/index.php?rest_route=\/wp\/v2\/posts\/8988\/revisions"}],"predecessor-version":[{"id":9000,"href":"https:\/\/www.foodmagazine.ma\/index.php?rest_route=\/wp\/v2\/posts\/8988\/revisions\/9000"}],"wp:featuredmedia":[{"embeddable":true,"href":"https:\/\/www.foodmagazine.ma\/index.php?rest_route=\/wp\/v2\/media\/8989"}],"wp:attachment":[{"href":"https:\/\/www.foodmagazine.ma\/index.php?rest_route=%2Fwp%2Fv2%2Fmedia&parent=8988"}],"wp:term":[{"taxonomy":"category","embeddable":true,"href":"https:\/\/www.foodmagazine.ma\/index.php?rest_route=%2Fwp%2Fv2%2Fcategories&post=8988"},{"taxonomy":"post_tag","embeddable":true,"href":"https:\/\/www.foodmagazine.ma\/index.php?rest_route=%2Fwp%2Fv2%2Ftags&post=8988"}],"curies":[{"name":"wp","href":"https:\/\/api.w.org\/{rel}","templated":true}]}}