{"id":9195,"date":"2024-06-11T11:13:22","date_gmt":"2024-06-11T10:13:22","guid":{"rendered":"https:\/\/www.foodmagazine.ma\/?p=9195"},"modified":"2024-06-11T11:13:23","modified_gmt":"2024-06-11T10:13:23","slug":"succes-eclatant-de-preventica-maroc-2024","status":"publish","type":"post","link":"https:\/\/www.foodmagazine.ma\/?p=9195","title":{"rendered":"Succ\u00e8s \u00e9clatant de Pr\u00e9ventica Maroc 2024"},"content":{"rendered":"\n<figure class=\"wp-block-image size-full\"><img loading=\"lazy\" decoding=\"async\" width=\"1000\" height=\"620\" src=\"https:\/\/www.foodmagazine.ma\/wp-content\/uploads\/2024\/04\/logo-preventica-maroc-2024.jpg\" alt=\"\" class=\"wp-image-8820\" srcset=\"https:\/\/www.foodmagazine.ma\/wp-content\/uploads\/2024\/04\/logo-preventica-maroc-2024.jpg 1000w, https:\/\/www.foodmagazine.ma\/wp-content\/uploads\/2024\/04\/logo-preventica-maroc-2024-300x186.jpg 300w, https:\/\/www.foodmagazine.ma\/wp-content\/uploads\/2024\/04\/logo-preventica-maroc-2024-768x476.jpg 768w\" sizes=\"auto, (max-width: 1000px) 100vw, 1000px\" \/><\/figure>\n\n\n\n<p>L&#8217;\u00e9dition du 10<sup>\u00e8me<\/sup>\u00a0anniversaire du congr\u00e8s\/salon international pour la ma\u00eetrise globale des risques, qui s&#8217;est d\u00e9roul\u00e9e du 21 au 23 mai \u00e0 Casablanca, a connu un succ\u00e8s retentissant. Avec une augmentation de 35 % du nombre de participants par rapport \u00e0 2019, l&#8217;\u00e9v\u00e9nement a largement d\u00e9pass\u00e9 les attentes. Il a r\u00e9uni 165 exposants marocains et internationaux, organis\u00e9 78 conf\u00e9rences et ateliers, repr\u00e9sent\u00e9 17 pays et accueilli 6 248 participants sur trois jours, soit environ 2 000 professionnels par jour en moyenne. Ce succ\u00e8s a \u00e9t\u00e9 attribu\u00e9 \u00e0 l&#8217;engagement et \u00e0 l&#8217;implication des dirigeants et managers marocains.<\/p>\n\n\n\n<p>Le congr\u00e8s\/salon a \u00e9t\u00e9 anim\u00e9 par les dirigeants et managers des grandes entreprises et organisations du Maroc. Les principales organisations professionnelles du pays ont \u00e9t\u00e9 au c\u0153ur de l&#8217;\u00e9v\u00e9nement, participant aux conf\u00e9rences, ateliers, d\u00e9monstrations et remises de troph\u00e9es. Parmi ces organisations figurent Communicasa, INCVT, Imanor, Narsa, la direction G\u00e9n\u00e9rale de la protection civile, la s\u00fbret\u00e9 nationale, et divers services minist\u00e9riels. De grandes entreprises marocaines telles que OCP, Lydec, Bank Of Africa, LafargeHolcim, Managem, Jesa, SGTM, Les eaux min\u00e9rales d\u2019Oulmes, Airbus, Taqa Maroc, ONEE, ONCF, Petrocab, et Puratos ont \u00e9galement contribu\u00e9 aux d\u00e9bats avec leurs retours d&#8217;exp\u00e9rience.<\/p>\n\n\n\n<p>L&#8217;\u00e9v\u00e9nement a mis en lumi\u00e8re deux dimensions majeures de la s\u00e9curit\u00e9 dans le d\u00e9veloppement \u00e9conomique marocain : la s\u00e9curit\u00e9 et la sant\u00e9 des personnes dans le cadre professionnel, et la s\u00e9curit\u00e9 des installations et des donn\u00e9es contre divers risques. Des conf\u00e9rences, ateliers et symposiums ont abord\u00e9 des sujets tels que les innovations dans les syst\u00e8mes de management pour promouvoir la sant\u00e9 et la s\u00e9curit\u00e9 au travail, les normes et certifications pour la ma\u00eetrise globale des risques, le leadership et la culture de s\u00e9curit\u00e9, le r\u00f4le strat\u00e9gique des ressources humaines, la gestion des risques Atex, la s\u00e9curit\u00e9 routi\u00e8re en entreprise, la pr\u00e9vention et la gestion des catastrophes naturelles, la s\u00e9curit\u00e9 incendie dans les process industriels, la cybers\u00e9curit\u00e9 en entreprise, la mobilisation des sous-traitants pour la pr\u00e9vention des risques, la s\u00e9curit\u00e9 des activit\u00e9s portuaires, et les enjeux de s\u00e9curit\u00e9 dans le b\u00e2timent et les travaux publics.<\/p>\n","protected":false},"excerpt":{"rendered":"<p>L&#8217;\u00e9dition du 10\u00e8me\u00a0anniversaire du congr\u00e8s\/salon international pour la ma\u00eetrise globale des risques, qui s&#8217;est d\u00e9roul\u00e9e du 21 au 23 mai \u00e0 Casablanca, a connu un succ\u00e8s retentissant. Avec une augmentation de 35 % du nombre de participants par rapport \u00e0 2019, l&#8217;\u00e9v\u00e9nement a largement d\u00e9pass\u00e9 les attentes. Il a r\u00e9uni 165 exposants marocains et internationaux, &hellip;<\/p>\n","protected":false},"author":1,"featured_media":8820,"comment_status":"open","ping_status":"closed","sticky":false,"template":"","format":"standard","meta":{"footnotes":""},"categories":[6,2],"tags":[],"class_list":["post-9195","post","type-post","status-publish","format-standard","has-post-thumbnail","","category-a-la-une","category-actus-maroc"],"aioseo_notices":[],"_links":{"self":[{"href":"https:\/\/www.foodmagazine.ma\/index.php?rest_route=\/wp\/v2\/posts\/9195","targetHints":{"allow":["GET"]}}],"collection":[{"href":"https:\/\/www.foodmagazine.ma\/index.php?rest_route=\/wp\/v2\/posts"}],"about":[{"href":"https:\/\/www.foodmagazine.ma\/index.php?rest_route=\/wp\/v2\/types\/post"}],"author":[{"embeddable":true,"href":"https:\/\/www.foodmagazine.ma\/index.php?rest_route=\/wp\/v2\/users\/1"}],"replies":[{"embeddable":true,"href":"https:\/\/www.foodmagazine.ma\/index.php?rest_route=%2Fwp%2Fv2%2Fcomments&post=9195"}],"version-history":[{"count":1,"href":"https:\/\/www.foodmagazine.ma\/index.php?rest_route=\/wp\/v2\/posts\/9195\/revisions"}],"predecessor-version":[{"id":9196,"href":"https:\/\/www.foodmagazine.ma\/index.php?rest_route=\/wp\/v2\/posts\/9195\/revisions\/9196"}],"wp:featuredmedia":[{"embeddable":true,"href":"https:\/\/www.foodmagazine.ma\/index.php?rest_route=\/wp\/v2\/media\/8820"}],"wp:attachment":[{"href":"https:\/\/www.foodmagazine.ma\/index.php?rest_route=%2Fwp%2Fv2%2Fmedia&parent=9195"}],"wp:term":[{"taxonomy":"category","embeddable":true,"href":"https:\/\/www.foodmagazine.ma\/index.php?rest_route=%2Fwp%2Fv2%2Fcategories&post=9195"},{"taxonomy":"post_tag","embeddable":true,"href":"https:\/\/www.foodmagazine.ma\/index.php?rest_route=%2Fwp%2Fv2%2Ftags&post=9195"}],"curies":[{"name":"wp","href":"https:\/\/api.w.org\/{rel}","templated":true}]}}