{"id":9367,"date":"2024-07-16T10:02:09","date_gmt":"2024-07-16T09:02:09","guid":{"rendered":"https:\/\/www.foodmagazine.ma\/?p=9367"},"modified":"2024-07-16T10:02:10","modified_gmt":"2024-07-16T09:02:10","slug":"days-for-good-2024-une-initiative-reussie-de-bel-maroc","status":"publish","type":"post","link":"https:\/\/www.foodmagazine.ma\/?p=9367","title":{"rendered":"Days for Good 2024 : une initiative r\u00e9ussie de Bel Maroc\u00a0"},"content":{"rendered":"\n<figure class=\"wp-block-image size-full\"><img loading=\"lazy\" decoding=\"async\" width=\"1000\" height=\"634\" src=\"https:\/\/www.foodmagazine.ma\/wp-content\/uploads\/2024\/07\/Nettoyage-Foret-Bouskoura.jpg\" alt=\"\" class=\"wp-image-9368\" srcset=\"https:\/\/www.foodmagazine.ma\/wp-content\/uploads\/2024\/07\/Nettoyage-Foret-Bouskoura.jpg 1000w, https:\/\/www.foodmagazine.ma\/wp-content\/uploads\/2024\/07\/Nettoyage-Foret-Bouskoura-300x190.jpg 300w, https:\/\/www.foodmagazine.ma\/wp-content\/uploads\/2024\/07\/Nettoyage-Foret-Bouskoura-768x487.jpg 768w\" sizes=\"auto, (max-width: 1000px) 100vw, 1000px\" \/><\/figure>\n\n\n\n<p>Dans le cadre de son programme international \u00ab\u00a0Actors for Good\u00a0\u00bb, Bel Maroc a d\u00e9ploy\u00e9 avec succ\u00e8s du 24 juin au 4 juillet 2024, l\u2019\u00e9dition 2024 de l\u2019initiative \u00ab\u00a0Days for Good\u00a0\u00bb.<\/p>\n\n\n\n<p>Ludovic Flateau, directeur g\u00e9n\u00e9ral de Bel Maroc, a d\u00e9clar\u00e9 : \u00ab&nbsp;<em>Nous sommes fiers d\u2019avoir r\u00e9ussi, pour la 3<sup>\u00e8me<\/sup>&nbsp;ann\u00e9e cons\u00e9cutive, \u00e0 mobiliser un grand nombre de nos collaborateurs autour de diff\u00e9rentes actions \u00e0 impact positif et d\u2019avoir offert pr\u00e8s de 1600 heures de travail pour soutenir des communaut\u00e9s vuln\u00e9rables dans plusieurs r\u00e9gions du royaume.&nbsp;\u00bb<\/em><\/p>\n\n\n\n<p>En effet, 258 collaborateurs de Bel Maroc, issus des sites de Tanger, Mohammedia et Casablanca, se sont mobilis\u00e9s durant 1 589 heures pour trois causes principales : l&#8217;acc\u00e8s \u00e0 l&#8217;alimentation, l&#8217;aide aux enfants fragiles, et la protection de l&#8217;environnement.<\/p>\n\n\n\n<p>Parmi les actions phares :<\/p>\n\n\n\n<ul class=\"wp-block-list\">\n<li>Distribution de repas \u00e0 500 sans-abris en collaboration avec l\u2019association Jood,<\/li>\n\n\n\n<li>Visites et soutien des patients \u00e0 l\u2019h\u00f4pital Mohammed VI de Tanger et \u00e0 l\u2019h\u00f4pital Ibn Rochd de Casablanca,<\/li>\n\n\n\n<li>Travaux d\u2019entretien, de jardinage et de r\u00e9paration dans des \u00e9coles rurales,<\/li>\n\n\n\n<li>Nettoyage sous-marin et de plage \u00e0 Dalia, pr\u00e8s de Tanger,<\/li>\n\n\n\n<li>Nettoyage de la for\u00eat de Bouskoura,<\/li>\n\n\n\n<li>Organisation d\u2019un tournoi de football dans une \u00e9cole rurale au Nord,<\/li>\n\n\n\n<li>C\u00e9l\u00e9bration anticip\u00e9e du nouvel an de l\u2019h\u00e9gire avec les enfants de SOS village Dar Bouazza.<\/li>\n<\/ul>\n\n\n\n<p>De plus, une \u00e9quipe de collaborateurs b\u00e9n\u00e9voles s&#8217;est rendue dans le Haut Atlas pour soutenir les habitants d\u2019un village enclav\u00e9 et leur remettre un ch\u00e8que de la fondation Bel pour financer l&#8217;installation d&#8217;un syst\u00e8me de pompage d&#8217;eau.<\/p>\n\n\n\n<p>Cette initiative solidaire du groupe Bel, men\u00e9e dans plusieurs pays dans le cadre du programme \u00ab&nbsp;Actors for Good&nbsp;\u00bb, encourage les collaborateurs \u00e0 devenir des acteurs de changement en cr\u00e9ant un impact positif au sein de leurs communaut\u00e9s.<\/p>\n","protected":false},"excerpt":{"rendered":"<p>Dans le cadre de son programme international \u00ab\u00a0Actors for Good\u00a0\u00bb, Bel Maroc a d\u00e9ploy\u00e9 avec succ\u00e8s du 24 juin au 4 juillet 2024, l\u2019\u00e9dition 2024 de l\u2019initiative \u00ab\u00a0Days for Good\u00a0\u00bb. Ludovic Flateau, directeur g\u00e9n\u00e9ral de Bel Maroc, a d\u00e9clar\u00e9 : \u00ab&nbsp;Nous sommes fiers d\u2019avoir r\u00e9ussi, pour la 3\u00e8me&nbsp;ann\u00e9e cons\u00e9cutive, \u00e0 mobiliser un grand nombre de &hellip;<\/p>\n","protected":false},"author":1,"featured_media":9368,"comment_status":"open","ping_status":"closed","sticky":false,"template":"","format":"standard","meta":{"footnotes":""},"categories":[6,2],"tags":[],"class_list":["post-9367","post","type-post","status-publish","format-standard","has-post-thumbnail","","category-a-la-une","category-actus-maroc"],"aioseo_notices":[],"_links":{"self":[{"href":"https:\/\/www.foodmagazine.ma\/index.php?rest_route=\/wp\/v2\/posts\/9367","targetHints":{"allow":["GET"]}}],"collection":[{"href":"https:\/\/www.foodmagazine.ma\/index.php?rest_route=\/wp\/v2\/posts"}],"about":[{"href":"https:\/\/www.foodmagazine.ma\/index.php?rest_route=\/wp\/v2\/types\/post"}],"author":[{"embeddable":true,"href":"https:\/\/www.foodmagazine.ma\/index.php?rest_route=\/wp\/v2\/users\/1"}],"replies":[{"embeddable":true,"href":"https:\/\/www.foodmagazine.ma\/index.php?rest_route=%2Fwp%2Fv2%2Fcomments&post=9367"}],"version-history":[{"count":1,"href":"https:\/\/www.foodmagazine.ma\/index.php?rest_route=\/wp\/v2\/posts\/9367\/revisions"}],"predecessor-version":[{"id":9369,"href":"https:\/\/www.foodmagazine.ma\/index.php?rest_route=\/wp\/v2\/posts\/9367\/revisions\/9369"}],"wp:featuredmedia":[{"embeddable":true,"href":"https:\/\/www.foodmagazine.ma\/index.php?rest_route=\/wp\/v2\/media\/9368"}],"wp:attachment":[{"href":"https:\/\/www.foodmagazine.ma\/index.php?rest_route=%2Fwp%2Fv2%2Fmedia&parent=9367"}],"wp:term":[{"taxonomy":"category","embeddable":true,"href":"https:\/\/www.foodmagazine.ma\/index.php?rest_route=%2Fwp%2Fv2%2Fcategories&post=9367"},{"taxonomy":"post_tag","embeddable":true,"href":"https:\/\/www.foodmagazine.ma\/index.php?rest_route=%2Fwp%2Fv2%2Ftags&post=9367"}],"curies":[{"name":"wp","href":"https:\/\/api.w.org\/{rel}","templated":true}]}}