{"id":9375,"date":"2024-07-23T15:58:27","date_gmt":"2024-07-23T14:58:27","guid":{"rendered":"https:\/\/www.foodmagazine.ma\/?p=9375"},"modified":"2024-07-23T15:59:11","modified_gmt":"2024-07-23T14:59:11","slug":"all4pack-emballage-paris-2024-innovations-et-solutions-pour-lavenir-de-lemballage","status":"publish","type":"post","link":"https:\/\/www.foodmagazine.ma\/?p=9375","title":{"rendered":"ALL4PACK EMBALLAGE PARIS 2024 : innovations et solutions pour l&#8217;avenir de l&#8217;emballage"},"content":{"rendered":"\n<figure class=\"wp-block-image size-full\"><img loading=\"lazy\" decoding=\"async\" width=\"979\" height=\"592\" src=\"https:\/\/www.foodmagazine.ma\/wp-content\/uploads\/2024\/07\/Capture-decran_19-7-2024_182831_.jpg\" alt=\"\" class=\"wp-image-9376\" srcset=\"https:\/\/www.foodmagazine.ma\/wp-content\/uploads\/2024\/07\/Capture-decran_19-7-2024_182831_.jpg 979w, https:\/\/www.foodmagazine.ma\/wp-content\/uploads\/2024\/07\/Capture-decran_19-7-2024_182831_-300x181.jpg 300w, https:\/\/www.foodmagazine.ma\/wp-content\/uploads\/2024\/07\/Capture-decran_19-7-2024_182831_-768x464.jpg 768w\" sizes=\"auto, (max-width: 979px) 100vw, 979px\" \/><\/figure>\n\n\n\n<p>ALL4PACK EMBALLAGE PARIS, qui se tiendra du 4 au 7 novembre 2024 \u00e0 Paris Nord Villepinte, est un \u00e9v\u00e9nement crucial dans un secteur de l\u2019emballage en pleine transformation. Avec pr\u00e8s de 1 000 exposants fran\u00e7ais et internationaux, il couvrira tous les aspects de la cha\u00eene de l\u2019emballage, y compris le packaging, le traitement, l\u2019impression et la logistique, avec des machines en fonctionnement pour toutes les industries.<\/p>\n\n\n\n<p>L\u2019\u00e9v\u00e9nement vise \u00e0 aider les industriels et utilisateurs \u00e0 r\u00e9pondre aux d\u00e9fis environnementaux et r\u00e9glementaires actuels, ainsi qu\u2019aux nouvelles attentes des consommateurs. Il se positionne comme un lieu convivial et propice aux rencontres professionnelles et aux affaires, offrant aux visiteurs l&#8217;opportunit\u00e9 de d\u00e9couvrir les meilleures solutions d\u2019emballage et d\u2019intralogistique de demain.<\/p>\n\n\n\n<p>Parmi les points forts de cette \u00e9dition, l\u2019espace ALL4PACK CIRCULARITY mettra en avant les entreprises et start-ups engag\u00e9es dans la r\u00e9duction des emballages, le recyclage et le r\u00e9emploi. Des workshops et des pitchs de start-ups seront organis\u00e9s pour explorer ces th\u00e9matiques cruciales.<\/p>\n\n\n\n<p>L\u2019espace ALL4PACK INNOVATIONS, d\u00e9velopp\u00e9 en collaboration avec l\u2019EPDA, pr\u00e9sentera les tendances majeures du packaging et accueillera les Innovations Awards 2024, mettant en lumi\u00e8re les nouveaut\u00e9s des exposants. Les gagnants d\u2019autres concours renomm\u00e9s seront \u00e9galement pr\u00e9sent\u00e9s, illustrant la vitalit\u00e9 cr\u00e9ative du secteur.<\/p>\n\n\n\n<p>L\u2019espace ALL4PACK CONF\u00c9RENCES proposera un programme complet sur 4 jours, avec des intervenants nationaux et internationaux, abordant les grands enjeux du secteur de l\u2019emballage.<\/p>\n\n\n\n<p><em>\u00ab&nbsp;Bien plus qu\u2019un salon, ALL4PACK EMBALLAGE PARIS s\u2019annonce comme un v\u00e9ritable carrefour d\u2019\u00e9changes o\u00f9 tous les acteurs de la fili\u00e8re emballage pourront s\u2019inspirer, se former, d\u00e9couvrir, nouer des relations strat\u00e9giques et trouver les solutions qui les aideront \u00e0 \u00eatre plus performants. Une opportunit\u00e9 unique de plonger au c\u0153ur de l\u2019innovation pour r\u00e9soudre les&nbsp;&nbsp;multiples \u00e9quations d\u2019aujourd\u2019hui et de demain.&nbsp;\u00bb&nbsp;<\/em>A d\u00e9clar\u00e9 Chantal de Lamotte, directrice d\u2019ALL4PACK EMBALLAGE PARIS.<\/p>\n","protected":false},"excerpt":{"rendered":"<p>ALL4PACK EMBALLAGE PARIS, qui se tiendra du 4 au 7 novembre 2024 \u00e0 Paris Nord Villepinte, est un \u00e9v\u00e9nement crucial dans un secteur de l\u2019emballage en pleine transformation. Avec pr\u00e8s de 1 000 exposants fran\u00e7ais et internationaux, il couvrira tous les aspects de la cha\u00eene de l\u2019emballage, y compris le packaging, le traitement, l\u2019impression et &hellip;<\/p>\n","protected":false},"author":1,"featured_media":9376,"comment_status":"open","ping_status":"closed","sticky":false,"template":"","format":"standard","meta":{"footnotes":""},"categories":[6,3],"tags":[],"class_list":["post-9375","post","type-post","status-publish","format-standard","has-post-thumbnail","","category-a-la-une","category-actus-monde"],"aioseo_notices":[],"_links":{"self":[{"href":"https:\/\/www.foodmagazine.ma\/index.php?rest_route=\/wp\/v2\/posts\/9375","targetHints":{"allow":["GET"]}}],"collection":[{"href":"https:\/\/www.foodmagazine.ma\/index.php?rest_route=\/wp\/v2\/posts"}],"about":[{"href":"https:\/\/www.foodmagazine.ma\/index.php?rest_route=\/wp\/v2\/types\/post"}],"author":[{"embeddable":true,"href":"https:\/\/www.foodmagazine.ma\/index.php?rest_route=\/wp\/v2\/users\/1"}],"replies":[{"embeddable":true,"href":"https:\/\/www.foodmagazine.ma\/index.php?rest_route=%2Fwp%2Fv2%2Fcomments&post=9375"}],"version-history":[{"count":1,"href":"https:\/\/www.foodmagazine.ma\/index.php?rest_route=\/wp\/v2\/posts\/9375\/revisions"}],"predecessor-version":[{"id":9377,"href":"https:\/\/www.foodmagazine.ma\/index.php?rest_route=\/wp\/v2\/posts\/9375\/revisions\/9377"}],"wp:featuredmedia":[{"embeddable":true,"href":"https:\/\/www.foodmagazine.ma\/index.php?rest_route=\/wp\/v2\/media\/9376"}],"wp:attachment":[{"href":"https:\/\/www.foodmagazine.ma\/index.php?rest_route=%2Fwp%2Fv2%2Fmedia&parent=9375"}],"wp:term":[{"taxonomy":"category","embeddable":true,"href":"https:\/\/www.foodmagazine.ma\/index.php?rest_route=%2Fwp%2Fv2%2Fcategories&post=9375"},{"taxonomy":"post_tag","embeddable":true,"href":"https:\/\/www.foodmagazine.ma\/index.php?rest_route=%2Fwp%2Fv2%2Ftags&post=9375"}],"curies":[{"name":"wp","href":"https:\/\/api.w.org\/{rel}","templated":true}]}}