{"id":9623,"date":"2024-10-09T09:54:24","date_gmt":"2024-10-09T08:54:24","guid":{"rendered":"https:\/\/www.foodmagazine.ma\/?p=9623"},"modified":"2024-10-09T10:53:27","modified_gmt":"2024-10-09T09:53:27","slug":"ceinture-bleue-lafrique-se-mobilise-pour-ses-oceans","status":"publish","type":"post","link":"https:\/\/www.foodmagazine.ma\/?p=9623","title":{"rendered":"Ceinture bleue : L&#8217;Afrique se mobilise pour ses oc\u00e9ans"},"content":{"rendered":"\n<figure class=\"wp-block-image size-full\"><img loading=\"lazy\" decoding=\"async\" width=\"1000\" height=\"667\" src=\"https:\/\/www.foodmagazine.ma\/wp-content\/uploads\/2024\/10\/Ceinture-bleue.png\" alt=\"\" class=\"wp-image-9624\" srcset=\"https:\/\/www.foodmagazine.ma\/wp-content\/uploads\/2024\/10\/Ceinture-bleue.png 1000w, https:\/\/www.foodmagazine.ma\/wp-content\/uploads\/2024\/10\/Ceinture-bleue-300x200.png 300w, https:\/\/www.foodmagazine.ma\/wp-content\/uploads\/2024\/10\/Ceinture-bleue-768x512.png 768w\" sizes=\"auto, (max-width: 1000px) 100vw, 1000px\" \/><\/figure>\n\n\n\n<p>La ville de Tanger a accueilli le 8 octobre, la 3<sup>\u00e8me<\/sup>\u00a0conf\u00e9rence minist\u00e9rielle de haut niveau sur l&#8217;Initiative de la Ceinture Bleue (Blue Belt Initiative-BBI), sous le th\u00e8me &#8220;Construire une base pour stimuler l\u2019alimentation et les emplois dans le cadre d\u2019une approche de d\u00e9veloppement de l\u2019\u00e9conomie bleue&#8221;. Organis\u00e9 par le minist\u00e8re de l&#8217;Agriculture, de la p\u00eache maritime, du D\u00e9veloppement Rural et des Eaux et For\u00eats, en partenariat avec la Banque mondiale, cet \u00e9v\u00e9nement a r\u00e9uni 32 pays, dont 16 d\u00e9l\u00e9gations minist\u00e9rielles, dans le cadre de la premi\u00e8re \u00e9dition de la Semaine Africaine des Oc\u00e9ans.<\/p>\n\n\n\n<p>Cette conf\u00e9rence a \u00e9t\u00e9 pr\u00e9sid\u00e9e par M. Mohamed Sadiki, ministre en charge du d\u00e9partement de la p\u00eache maritime, qui a soulign\u00e9 l\u2019importance de faire de l\u2019\u00e9conomie bleue un levier pour le d\u00e9veloppement du continent africain, conform\u00e9ment \u00e0 la vision royale de SM le Roi Mohammed VI. Il a insist\u00e9 sur la n\u00e9cessit\u00e9 de renforcer le secteur halieutique pour garantir la souverainet\u00e9 alimentaire en Afrique. \u00ab&nbsp;<em>La BBI incarne une nouvelle forme de coop\u00e9ration, une plateforme collaborative pour promouvoir des pratiques responsables et optimiser l\u2019utilisation des ressources marines&nbsp;<\/em>\u00bb, a-t-il d\u00e9clar\u00e9.<\/p>\n\n\n\n<p>Les discussions se sont concentr\u00e9es \u00e9galement sur les m\u00e9canismes de coop\u00e9ration Sud-Sud et les partenariats pour une gestion durable des ressources marines. M. Omar Hilale, repr\u00e9sentant permanent du Maroc aupr\u00e8s des Nations Unies, a insist\u00e9 sur l&#8217;importance d&#8217;\u00e9laborer des actions concr\u00e8tes pour r\u00e9pondre aux d\u00e9fis du d\u00e9veloppement des \u00e9conomies c\u00f4ti\u00e8res, en appelant \u00e0 l\u2019implication du secteur priv\u00e9 et des institutions acad\u00e9miques.<\/p>\n\n\n\n<p>Cette conf\u00e9rence, qui a \u00e9t\u00e9 pr\u00e9c\u00e9d\u00e9e par une rencontre pr\u00e9paratoire d\u2019experts la veille, a abord\u00e9 le th\u00e8me crucial des &#8220;Demandes et solutions orient\u00e9es pour acc\u00e9l\u00e9rer l\u2019alimentation et l\u2019emploi bleu en Afrique&#8221;.<\/p>\n\n\n\n<p>Rappelons que la Semaine Africaine des Oc\u00e9ans, qui s\u2019est d\u00e9roul\u00e9e du 7 au 10 octobre, est d\u00e9di\u00e9e \u00e0 la promotion de l\u2019\u00e9conomie bleue et \u00e0 la gestion durable des ressources marines en Afrique, et r\u00e9unit ministres, experts, scientifiques et repr\u00e9sentants internationaux.<\/p>\n","protected":false},"excerpt":{"rendered":"<p>La ville de Tanger a accueilli le 8 octobre, la 3\u00e8me\u00a0conf\u00e9rence minist\u00e9rielle de haut niveau sur l&#8217;Initiative de la Ceinture Bleue (Blue Belt Initiative-BBI), sous le th\u00e8me &#8220;Construire une base pour stimuler l\u2019alimentation et les emplois dans le cadre d\u2019une approche de d\u00e9veloppement de l\u2019\u00e9conomie bleue&#8221;. Organis\u00e9 par le minist\u00e8re de l&#8217;Agriculture, de la p\u00eache &hellip;<\/p>\n","protected":false},"author":1,"featured_media":9624,"comment_status":"open","ping_status":"closed","sticky":false,"template":"","format":"standard","meta":{"footnotes":""},"categories":[6,2],"tags":[],"class_list":["post-9623","post","type-post","status-publish","format-standard","has-post-thumbnail","","category-a-la-une","category-actus-maroc"],"aioseo_notices":[],"_links":{"self":[{"href":"https:\/\/www.foodmagazine.ma\/index.php?rest_route=\/wp\/v2\/posts\/9623","targetHints":{"allow":["GET"]}}],"collection":[{"href":"https:\/\/www.foodmagazine.ma\/index.php?rest_route=\/wp\/v2\/posts"}],"about":[{"href":"https:\/\/www.foodmagazine.ma\/index.php?rest_route=\/wp\/v2\/types\/post"}],"author":[{"embeddable":true,"href":"https:\/\/www.foodmagazine.ma\/index.php?rest_route=\/wp\/v2\/users\/1"}],"replies":[{"embeddable":true,"href":"https:\/\/www.foodmagazine.ma\/index.php?rest_route=%2Fwp%2Fv2%2Fcomments&post=9623"}],"version-history":[{"count":4,"href":"https:\/\/www.foodmagazine.ma\/index.php?rest_route=\/wp\/v2\/posts\/9623\/revisions"}],"predecessor-version":[{"id":9633,"href":"https:\/\/www.foodmagazine.ma\/index.php?rest_route=\/wp\/v2\/posts\/9623\/revisions\/9633"}],"wp:featuredmedia":[{"embeddable":true,"href":"https:\/\/www.foodmagazine.ma\/index.php?rest_route=\/wp\/v2\/media\/9624"}],"wp:attachment":[{"href":"https:\/\/www.foodmagazine.ma\/index.php?rest_route=%2Fwp%2Fv2%2Fmedia&parent=9623"}],"wp:term":[{"taxonomy":"category","embeddable":true,"href":"https:\/\/www.foodmagazine.ma\/index.php?rest_route=%2Fwp%2Fv2%2Fcategories&post=9623"},{"taxonomy":"post_tag","embeddable":true,"href":"https:\/\/www.foodmagazine.ma\/index.php?rest_route=%2Fwp%2Fv2%2Ftags&post=9623"}],"curies":[{"name":"wp","href":"https:\/\/api.w.org\/{rel}","templated":true}]}}