{"id":9650,"date":"2024-10-16T12:44:08","date_gmt":"2024-10-16T11:44:08","guid":{"rendered":"https:\/\/www.foodmagazine.ma\/?p=9650"},"modified":"2024-10-16T12:44:09","modified_gmt":"2024-10-16T11:44:09","slug":"maroc-mali-renforcement-de-la-cooperation-agricole","status":"publish","type":"post","link":"https:\/\/www.foodmagazine.ma\/?p=9650","title":{"rendered":"Maroc &#8211; Mali\u00a0: renforcement de la coop\u00e9ration agricole\u00a0"},"content":{"rendered":"\n<figure class=\"wp-block-image size-full\"><img loading=\"lazy\" decoding=\"async\" width=\"1000\" height=\"658\" src=\"https:\/\/www.foodmagazine.ma\/wp-content\/uploads\/2024\/10\/d25a67bf-edaa-4e9c-b430-efd4f64cfd8e.jpg\" alt=\"\" class=\"wp-image-9651\" srcset=\"https:\/\/www.foodmagazine.ma\/wp-content\/uploads\/2024\/10\/d25a67bf-edaa-4e9c-b430-efd4f64cfd8e.jpg 1000w, https:\/\/www.foodmagazine.ma\/wp-content\/uploads\/2024\/10\/d25a67bf-edaa-4e9c-b430-efd4f64cfd8e-300x197.jpg 300w, https:\/\/www.foodmagazine.ma\/wp-content\/uploads\/2024\/10\/d25a67bf-edaa-4e9c-b430-efd4f64cfd8e-768x505.jpg 768w, https:\/\/www.foodmagazine.ma\/wp-content\/uploads\/2024\/10\/d25a67bf-edaa-4e9c-b430-efd4f64cfd8e-310x205.jpg 310w\" sizes=\"auto, (max-width: 1000px) 100vw, 1000px\" \/><\/figure>\n\n\n\n<p>M. Mohammed Sadiki, ministre de l\u2019Agriculture, de la P\u00eache Maritime, du D\u00e9veloppement Rural et des Eaux et For\u00eats, a re\u00e7u le 10 octobre 2024, \u00e0 Rabat, M. Youba Bah, Ministre de l&#8217;\u00c9levage et de la P\u00eache de la R\u00e9publique du Mali, lors de sa visite officielle au Maroc.&nbsp;Cette rencontre s&#8217;inscrit dans le cadre des relations bilat\u00e9rales entre le Maroc et le Mali, visant \u00e0 d\u00e9velopper les relations \u00e9conomiques et \u00e0 renforcer la coop\u00e9ration dans le secteur agricole.<\/p>\n\n\n\n<p>Les discussions ont port\u00e9 sur le renforcement de la coop\u00e9ration agricole, notamment le d\u00e9veloppement de l&#8217;\u00e9levage et l&#8217;am\u00e9lioration g\u00e9n\u00e9tique des bovins et des chevaux. Ils ont \u00e9galement explor\u00e9 de nouvelles pistes de collaboration en agriculture et en s\u00e9curit\u00e9 sanitaire. Les deux parties ont salu\u00e9 les r\u00e9alisations concr\u00e8tes des actions conjointes men\u00e9es au fil des ann\u00e9es et ont exprim\u00e9 leur volont\u00e9 d&#8217;\u00e9lever leur partenariat agricole \u00e0 un niveau sup\u00e9rieur.<\/p>\n\n\n\n<p>La coop\u00e9ration marocco-malienne dans le secteur agricole a \u00e9t\u00e9 renforc\u00e9e depuis la visite&nbsp;royale en Afrique en f\u00e9vrier 2014, avec la signature d&#8217;un accord sur l&#8217;\u00e9levage et l&#8217;am\u00e9lioration g\u00e9n\u00e9tique du cheptel bovin. En octobre 2022, un protocole de partenariat a \u00e9t\u00e9 sign\u00e9 pour l&#8217;am\u00e9lioration g\u00e9n\u00e9tique des chevaux entre le PMU-MALI et la SOREC, incluant formation et \u00e9change d&#8217;expertise. Les \u00e9changes commerciaux agricoles entre les deux pays ont atteint une moyenne de 213 millions de dirhams.&nbsp;<\/p>\n","protected":false},"excerpt":{"rendered":"<p>M. Mohammed Sadiki, ministre de l\u2019Agriculture, de la P\u00eache Maritime, du D\u00e9veloppement Rural et des Eaux et For\u00eats, a re\u00e7u le 10 octobre 2024, \u00e0 Rabat, M. Youba Bah, Ministre de l&#8217;\u00c9levage et de la P\u00eache de la R\u00e9publique du Mali, lors de sa visite officielle au Maroc.&nbsp;Cette rencontre s&#8217;inscrit dans le cadre des relations &hellip;<\/p>\n","protected":false},"author":1,"featured_media":9651,"comment_status":"open","ping_status":"closed","sticky":false,"template":"","format":"standard","meta":{"footnotes":""},"categories":[6,2],"tags":[],"class_list":["post-9650","post","type-post","status-publish","format-standard","has-post-thumbnail","","category-a-la-une","category-actus-maroc"],"aioseo_notices":[],"_links":{"self":[{"href":"https:\/\/www.foodmagazine.ma\/index.php?rest_route=\/wp\/v2\/posts\/9650","targetHints":{"allow":["GET"]}}],"collection":[{"href":"https:\/\/www.foodmagazine.ma\/index.php?rest_route=\/wp\/v2\/posts"}],"about":[{"href":"https:\/\/www.foodmagazine.ma\/index.php?rest_route=\/wp\/v2\/types\/post"}],"author":[{"embeddable":true,"href":"https:\/\/www.foodmagazine.ma\/index.php?rest_route=\/wp\/v2\/users\/1"}],"replies":[{"embeddable":true,"href":"https:\/\/www.foodmagazine.ma\/index.php?rest_route=%2Fwp%2Fv2%2Fcomments&post=9650"}],"version-history":[{"count":1,"href":"https:\/\/www.foodmagazine.ma\/index.php?rest_route=\/wp\/v2\/posts\/9650\/revisions"}],"predecessor-version":[{"id":9652,"href":"https:\/\/www.foodmagazine.ma\/index.php?rest_route=\/wp\/v2\/posts\/9650\/revisions\/9652"}],"wp:featuredmedia":[{"embeddable":true,"href":"https:\/\/www.foodmagazine.ma\/index.php?rest_route=\/wp\/v2\/media\/9651"}],"wp:attachment":[{"href":"https:\/\/www.foodmagazine.ma\/index.php?rest_route=%2Fwp%2Fv2%2Fmedia&parent=9650"}],"wp:term":[{"taxonomy":"category","embeddable":true,"href":"https:\/\/www.foodmagazine.ma\/index.php?rest_route=%2Fwp%2Fv2%2Fcategories&post=9650"},{"taxonomy":"post_tag","embeddable":true,"href":"https:\/\/www.foodmagazine.ma\/index.php?rest_route=%2Fwp%2Fv2%2Ftags&post=9650"}],"curies":[{"name":"wp","href":"https:\/\/api.w.org\/{rel}","templated":true}]}}