{"id":9660,"date":"2024-10-16T12:47:54","date_gmt":"2024-10-16T11:47:54","guid":{"rendered":"https:\/\/www.foodmagazine.ma\/?p=9660"},"modified":"2024-10-16T12:47:55","modified_gmt":"2024-10-16T11:47:55","slug":"mondelez-maroc-12-ans-de-valeurs-et-dengagement","status":"publish","type":"post","link":"https:\/\/www.foodmagazine.ma\/?p=9660","title":{"rendered":"Mondelez Maroc : 12 ans de valeurs et d\u2019engagement"},"content":{"rendered":"\n<figure class=\"wp-block-image size-full\"><img loading=\"lazy\" decoding=\"async\" width=\"1000\" height=\"428\" src=\"https:\/\/www.foodmagazine.ma\/wp-content\/uploads\/2024\/10\/IMG-20241011-WA0240.jpg\" alt=\"\" class=\"wp-image-9661\" srcset=\"https:\/\/www.foodmagazine.ma\/wp-content\/uploads\/2024\/10\/IMG-20241011-WA0240.jpg 1000w, https:\/\/www.foodmagazine.ma\/wp-content\/uploads\/2024\/10\/IMG-20241011-WA0240-300x128.jpg 300w, https:\/\/www.foodmagazine.ma\/wp-content\/uploads\/2024\/10\/IMG-20241011-WA0240-768x329.jpg 768w\" sizes=\"auto, (max-width: 1000px) 100vw, 1000px\" \/><\/figure>\n\n\n\n<p>Mondelez Maroc a c\u00e9l\u00e9br\u00e9 son &#8220;Purpose Day&#8221;, marquant son 12<sup>\u00e8me&nbsp;<\/sup>anniversaire, en mettant en avant ses valeurs et sa mission. En partenariat avec l&#8217;association l&#8217;Heure Joyeuse, l&#8217;entreprise a men\u00e9 une action en faveur des b\u00e9n\u00e9ficiaires de l&#8217;\u00e9cole de la 2<sup>\u00e8me<\/sup>&nbsp;chance nouvelle g\u00e9n\u00e9ration de Ben Msik, le 11 octobre.<\/p>\n\n\n\n<p>Sous le th\u00e8me &#8220;Fiers d&#8217;\u00eatre MDLZ&#8221;, Mondelez Maroc a mobilis\u00e9 50 collaborateurs b\u00e9n\u00e9voles, offrant 400 heures de travail aux b\u00e9n\u00e9ficiaires de l&#8217;\u00e9cole de la 2<sup>\u00e8me<\/sup>&nbsp;chance de Ben Msik. L&#8217;objectif \u00e9tait de cr\u00e9er des moments d&#8217;apprentissage et de partage, contribuant \u00e0 un impact positif pour la communaut\u00e9.<\/p>\n\n\n\n<p>Les b\u00e9n\u00e9voles et&nbsp;changemakers&nbsp;de Mondelez Maroc ont consacr\u00e9 une journ\u00e9e enti\u00e8re \u00e0 l&#8217;initiative, mettant \u00e0 profit leurs comp\u00e9tences dans un programme vari\u00e9. L&#8217;agenda a inclus des ateliers sur l&#8217;informatique, les soft&nbsp;skills, la cuisine, le sport, la couture et le chant. La journ\u00e9e s&#8217;est conclue par un concours intitul\u00e9 &#8220;MDLZ &amp; E2C Got Talent&#8221;.<\/p>\n\n\n\n<p>Hind Bennis, Ambassadrice de la joie chez Mondelez Maroc, a soulign\u00e9 que le th\u00e8me &#8220;Fiers d&#8217;\u00eatre Mondelez&#8221; refl\u00e8te leur engagement \u00e0 soutenir les communaut\u00e9s locales pour un changement positif.&nbsp;&nbsp;\u00ab&nbsp;<em>Avec l\u2019organisation de cette journ\u00e9e au profit des b\u00e9n\u00e9ficiaires de l\u2019\u00e9cole de la 2<sup>\u00e8me<\/sup>&nbsp;chance nouvelle g\u00e9n\u00e9ration de Ben Msik, nous essayons d\u2019\u00eatre des acteurs de changement, en partageant avec les b\u00e9n\u00e9ficiaires nos connaissances, mais aussi nos ondes positives. \u00bb<\/em><\/p>\n\n\n\n<p>Les b\u00e9n\u00e9voles de Mondelez Maroc ont cr\u00e9\u00e9 une ambiance joyeuse en animant des ateliers et en s&#8217;occupant des b\u00e9n\u00e9ficiaires, de la pr\u00e9paration des repas (petit-d\u00e9jeuner, d\u00e9jeuner et go\u00fbter) jusqu&#8217;au service, au rangement et \u00e0 la vaisselle. Cette implication active, centr\u00e9e sur le partage et l&#8217;ambition de cr\u00e9er un changement positif, a marqu\u00e9 l&#8217;\u00e9v\u00e9nement.<\/p>\n\n\n\n<p>Rappelons que depuis plus de dix ans, Mondelez Maroc soutient l&#8217;association l&#8217;Heure Joyeuse \u00e0 travers des initiatives telles que la r\u00e9novation de cantines scolaires rurales et le programme &#8220;Coaching for the Best&#8221; au profit du centre d\u2019orientation et d\u2019insertion professionnelle et de l&#8217;\u00e9cole de la 2\u00e8me chance.<\/p>\n","protected":false},"excerpt":{"rendered":"<p>Mondelez Maroc a c\u00e9l\u00e9br\u00e9 son &#8220;Purpose Day&#8221;, marquant son 12\u00e8me&nbsp;anniversaire, en mettant en avant ses valeurs et sa mission. En partenariat avec l&#8217;association l&#8217;Heure Joyeuse, l&#8217;entreprise a men\u00e9 une action en faveur des b\u00e9n\u00e9ficiaires de l&#8217;\u00e9cole de la 2\u00e8me&nbsp;chance nouvelle g\u00e9n\u00e9ration de Ben Msik, le 11 octobre. Sous le th\u00e8me &#8220;Fiers d&#8217;\u00eatre MDLZ&#8221;, Mondelez Maroc &hellip;<\/p>\n","protected":false},"author":1,"featured_media":9661,"comment_status":"open","ping_status":"closed","sticky":false,"template":"","format":"standard","meta":{"footnotes":""},"categories":[6,2],"tags":[],"class_list":["post-9660","post","type-post","status-publish","format-standard","has-post-thumbnail","","category-a-la-une","category-actus-maroc"],"aioseo_notices":[],"_links":{"self":[{"href":"https:\/\/www.foodmagazine.ma\/index.php?rest_route=\/wp\/v2\/posts\/9660","targetHints":{"allow":["GET"]}}],"collection":[{"href":"https:\/\/www.foodmagazine.ma\/index.php?rest_route=\/wp\/v2\/posts"}],"about":[{"href":"https:\/\/www.foodmagazine.ma\/index.php?rest_route=\/wp\/v2\/types\/post"}],"author":[{"embeddable":true,"href":"https:\/\/www.foodmagazine.ma\/index.php?rest_route=\/wp\/v2\/users\/1"}],"replies":[{"embeddable":true,"href":"https:\/\/www.foodmagazine.ma\/index.php?rest_route=%2Fwp%2Fv2%2Fcomments&post=9660"}],"version-history":[{"count":1,"href":"https:\/\/www.foodmagazine.ma\/index.php?rest_route=\/wp\/v2\/posts\/9660\/revisions"}],"predecessor-version":[{"id":9662,"href":"https:\/\/www.foodmagazine.ma\/index.php?rest_route=\/wp\/v2\/posts\/9660\/revisions\/9662"}],"wp:featuredmedia":[{"embeddable":true,"href":"https:\/\/www.foodmagazine.ma\/index.php?rest_route=\/wp\/v2\/media\/9661"}],"wp:attachment":[{"href":"https:\/\/www.foodmagazine.ma\/index.php?rest_route=%2Fwp%2Fv2%2Fmedia&parent=9660"}],"wp:term":[{"taxonomy":"category","embeddable":true,"href":"https:\/\/www.foodmagazine.ma\/index.php?rest_route=%2Fwp%2Fv2%2Fcategories&post=9660"},{"taxonomy":"post_tag","embeddable":true,"href":"https:\/\/www.foodmagazine.ma\/index.php?rest_route=%2Fwp%2Fv2%2Ftags&post=9660"}],"curies":[{"name":"wp","href":"https:\/\/api.w.org\/{rel}","templated":true}]}}