{"id":9708,"date":"2024-10-22T17:53:35","date_gmt":"2024-10-22T16:53:35","guid":{"rendered":"https:\/\/www.foodmagazine.ma\/?p=9708"},"modified":"2024-10-22T17:53:36","modified_gmt":"2024-10-22T16:53:36","slug":"cgpm-conference-regionale-sur-laquaculture-durable-en-mediterranee-et-en-mer-noire","status":"publish","type":"post","link":"https:\/\/www.foodmagazine.ma\/?p=9708","title":{"rendered":"CGPM\u00a0: conf\u00e9rence r\u00e9gionale sur l&#8217;aquaculture durable en m\u00e9diterran\u00e9e et en mer noire"},"content":{"rendered":"\n<figure class=\"wp-block-image size-full\"><img loading=\"lazy\" decoding=\"async\" width=\"1000\" height=\"626\" src=\"https:\/\/www.foodmagazine.ma\/wp-content\/uploads\/2024\/10\/\u00a9FAO-GFCM_Christos-Masoyras_Aquaculture-farm-in-Greece.jpg\" alt=\"\" class=\"wp-image-9709\" srcset=\"https:\/\/www.foodmagazine.ma\/wp-content\/uploads\/2024\/10\/\u00a9FAO-GFCM_Christos-Masoyras_Aquaculture-farm-in-Greece.jpg 1000w, https:\/\/www.foodmagazine.ma\/wp-content\/uploads\/2024\/10\/\u00a9FAO-GFCM_Christos-Masoyras_Aquaculture-farm-in-Greece-300x188.jpg 300w, https:\/\/www.foodmagazine.ma\/wp-content\/uploads\/2024\/10\/\u00a9FAO-GFCM_Christos-Masoyras_Aquaculture-farm-in-Greece-768x481.jpg 768w\" sizes=\"auto, (max-width: 1000px) 100vw, 1000px\" \/><\/figure>\n\n\n\n<p>La Commission G\u00e9n\u00e9rale Des P\u00eaches pour la M\u00e9diterran\u00e9e (CGPM) de la FAO organise la conf\u00e9rence r\u00e9gionale sur l&#8217;aquaculture les 4 et 5 d\u00e9cembre \u00e0 H\u00e9raklion, en Gr\u00e8ce. Cet \u00e9v\u00e9nement marquera le dixi\u00e8me anniversaire de la premi\u00e8re grande conf\u00e9rence r\u00e9gionale \u00e0 Bari et s&#8217;appuiera sur les r\u00e9sultats de la conf\u00e9rence de haut niveau de 2023 sur les initiatives MedFish4Ever.<\/p>\n\n\n\n<p>Des hauts fonctionnaires, repr\u00e9sentants de pays, et experts en aquaculture se r\u00e9uniront pour examiner les progr\u00e8s r\u00e9alis\u00e9s au cours de la derni\u00e8re d\u00e9cennie et tracer la trajectoire future du secteur. Les discussions mettront l&#8217;accent sur l&#8217;\u00e9quilibre entre la croissance \u00e9conomique et la durabilit\u00e9 environnementale, tout en soulignant l&#8217;importance de l&#8217;aquaculture dans les engagements politiques existants.<\/p>\n\n\n\n<p>L&#8217;\u00e9v\u00e9nement permettra aux participants de proposer des id\u00e9es et des solutions pour renforcer les actions en faveur d&#8217;un secteur durable et r\u00e9silient, align\u00e9 avec les objectifs de la Strat\u00e9gie 2030 de la CGPM. Cet \u00e9v\u00e9nement repr\u00e9sente une opportunit\u00e9 cruciale pour aborder les d\u00e9fis \u00e9mergents et \u00e9tablir des priorit\u00e9s pour l&#8217;avenir de l&#8217;aquaculture dans la r\u00e9gion.<\/p>\n\n\n\n<p>Apr\u00e8s une \u00e9valuation des progr\u00e8s r\u00e9alis\u00e9s depuis 2014, l\u2019\u00e9v\u00e8nement se poursuivra avec des discussions sur les syst\u00e8mes de production durable et les strat\u00e9gies pour relever les d\u00e9fis \u00e9mergents.&nbsp;Des sessions parall\u00e8les mettront en lumi\u00e8re des sujets comme l&#8217;utilisation de l&#8217;intelligence artificielle et la promotion des femmes dans le secteur, tandis que des d\u00e9monstrations en direct pr\u00e9senteront des technologies innovantes. L&#8217;\u00e9v\u00e9nement vise \u00e0 rassembler les gouvernements et les acteurs du secteur pour \u00e9tablir une vision commune de l\u2019avenir durable de l\u2019aquaculture en M\u00e9diterran\u00e9e.&nbsp;<\/p>\n","protected":false},"excerpt":{"rendered":"<p>La Commission G\u00e9n\u00e9rale Des P\u00eaches pour la M\u00e9diterran\u00e9e (CGPM) de la FAO organise la conf\u00e9rence r\u00e9gionale sur l&#8217;aquaculture les 4 et 5 d\u00e9cembre \u00e0 H\u00e9raklion, en Gr\u00e8ce. Cet \u00e9v\u00e9nement marquera le dixi\u00e8me anniversaire de la premi\u00e8re grande conf\u00e9rence r\u00e9gionale \u00e0 Bari et s&#8217;appuiera sur les r\u00e9sultats de la conf\u00e9rence de haut niveau de 2023 sur &hellip;<\/p>\n","protected":false},"author":1,"featured_media":9709,"comment_status":"open","ping_status":"closed","sticky":false,"template":"","format":"standard","meta":{"footnotes":""},"categories":[6,3],"tags":[],"class_list":["post-9708","post","type-post","status-publish","format-standard","has-post-thumbnail","","category-a-la-une","category-actus-monde"],"aioseo_notices":[],"_links":{"self":[{"href":"https:\/\/www.foodmagazine.ma\/index.php?rest_route=\/wp\/v2\/posts\/9708","targetHints":{"allow":["GET"]}}],"collection":[{"href":"https:\/\/www.foodmagazine.ma\/index.php?rest_route=\/wp\/v2\/posts"}],"about":[{"href":"https:\/\/www.foodmagazine.ma\/index.php?rest_route=\/wp\/v2\/types\/post"}],"author":[{"embeddable":true,"href":"https:\/\/www.foodmagazine.ma\/index.php?rest_route=\/wp\/v2\/users\/1"}],"replies":[{"embeddable":true,"href":"https:\/\/www.foodmagazine.ma\/index.php?rest_route=%2Fwp%2Fv2%2Fcomments&post=9708"}],"version-history":[{"count":1,"href":"https:\/\/www.foodmagazine.ma\/index.php?rest_route=\/wp\/v2\/posts\/9708\/revisions"}],"predecessor-version":[{"id":9710,"href":"https:\/\/www.foodmagazine.ma\/index.php?rest_route=\/wp\/v2\/posts\/9708\/revisions\/9710"}],"wp:featuredmedia":[{"embeddable":true,"href":"https:\/\/www.foodmagazine.ma\/index.php?rest_route=\/wp\/v2\/media\/9709"}],"wp:attachment":[{"href":"https:\/\/www.foodmagazine.ma\/index.php?rest_route=%2Fwp%2Fv2%2Fmedia&parent=9708"}],"wp:term":[{"taxonomy":"category","embeddable":true,"href":"https:\/\/www.foodmagazine.ma\/index.php?rest_route=%2Fwp%2Fv2%2Fcategories&post=9708"},{"taxonomy":"post_tag","embeddable":true,"href":"https:\/\/www.foodmagazine.ma\/index.php?rest_route=%2Fwp%2Fv2%2Ftags&post=9708"}],"curies":[{"name":"wp","href":"https:\/\/api.w.org\/{rel}","templated":true}]}}