{"id":9774,"date":"2024-10-29T10:49:15","date_gmt":"2024-10-29T09:49:15","guid":{"rendered":"https:\/\/www.foodmagazine.ma\/?p=9774"},"modified":"2024-10-29T10:49:16","modified_gmt":"2024-10-29T09:49:16","slug":"festival-irzafrane-de-serghina-2024-promotion-du-safran-et-de-leco-tourisme-durable","status":"publish","type":"post","link":"https:\/\/www.foodmagazine.ma\/?p=9774","title":{"rendered":"Festival Irzafrane de Serghina 2024 : promotion du safran et de l&#8217;\u00e9co-tourisme durable"},"content":{"rendered":"\n<figure class=\"wp-block-image size-full\"><img loading=\"lazy\" decoding=\"async\" width=\"1000\" height=\"632\" src=\"https:\/\/www.foodmagazine.ma\/wp-content\/uploads\/2024\/10\/WhatsApp-Image-2024-10-28-a-15.33.30_cd46c904.jpg\" alt=\"\" class=\"wp-image-9775\" srcset=\"https:\/\/www.foodmagazine.ma\/wp-content\/uploads\/2024\/10\/WhatsApp-Image-2024-10-28-a-15.33.30_cd46c904.jpg 1000w, https:\/\/www.foodmagazine.ma\/wp-content\/uploads\/2024\/10\/WhatsApp-Image-2024-10-28-a-15.33.30_cd46c904-300x190.jpg 300w, https:\/\/www.foodmagazine.ma\/wp-content\/uploads\/2024\/10\/WhatsApp-Image-2024-10-28-a-15.33.30_cd46c904-768x485.jpg 768w\" sizes=\"auto, (max-width: 1000px) 100vw, 1000px\" \/><\/figure>\n\n\n\n<p>Le Festival Irzafrane de Serghina s&#8217;est tenu du 25 au 27 octobre 2024 \u00e0 Mekn\u00e8s, sous le th\u00e8me &#8220;La Route du Safran, moteur pour le d\u00e9veloppement de l&#8217;\u00c9co-Tourisme Responsable&#8221;. Organis\u00e9 en partenariat avec plusieurs institutions r\u00e9gionales, cet \u00e9v\u00e9nement vise \u00e0 promouvoir le safran et son lien \u00e9troit avec le tourisme durable.<\/p>\n\n\n\n<p>La premi\u00e8re journ\u00e9e a d\u00e9but\u00e9 \u00e0 l\u2019\u00c9cole Nationale d&#8217;Agriculture de Mekn\u00e8s, o\u00f9 Dr Hafida Moukadiri, pr\u00e9sidente de l&#8217;association Irzafrane, a prononc\u00e9 un discours inaugural soulignant l&#8217;importance du safran dans le d\u00e9veloppement \u00e9conomique et touristique de la r\u00e9gion. Divers experts ont ensuite partag\u00e9 leurs connaissances sur des sujets vari\u00e9s.<\/p>\n\n\n\n<p>Nidal Fakir, du Centre R\u00e9gional d&#8217;Investissement, a pr\u00e9sent\u00e9 une \u00e9tude sur les plantes m\u00e9dicinales au Maroc, mettant en lumi\u00e8re le potentiel du safran comme culture m\u00e9dicinale. Le Professeur Hamid Echchakir, de l&#8217;Institut du Cerveau \u00e0 Paris, a abord\u00e9 les propri\u00e9t\u00e9s anticanc\u00e9reuses du safran, en se concentrant sur ses ingr\u00e9dients actifs, la crocine et le safranal. Dr Abdelghani Tahiri de l&#8217;INRA a discut\u00e9 des m\u00e9thodes pour valoriser la culture du safran, tandis que le Professeur Michail Toanoglou de l&#8217;ESSEC a trait\u00e9 de l&#8217;\u00e9cotourisme durable dans les r\u00e9gions productrices de safran. Le Professeur Abdesslam Khanchoufi a soulign\u00e9 les opportunit\u00e9s de tourisme durable dans la r\u00e9gion F\u00e8s-Mekn\u00e8s, et Dr Hafida Moukadiri a \u00e9voqu\u00e9 les projets d&#8217;avenir pour le safran bio.<\/p>\n\n\n\n<p>Ces pr\u00e9sentations ont \u00e9t\u00e9 suivies d&#8217;une table ronde,&nbsp;&nbsp;permettant aux participants d&#8217;\u00e9changer sur les d\u00e9fis et opportunit\u00e9s li\u00e9s au d\u00e9veloppement du safran et de l&#8217;\u00e9cotourisme dans la r\u00e9gion.<\/p>\n\n\n\n<p>Le 26 octobre 2024, la commune de Serhina-E Mers a accueilli une exposition des produits du terroir, mettant en avant les coop\u00e9ratives de safran, de plantes m\u00e9dicinales, de miel et d\u2019artisanat. Les visiteurs ont pu parcourir les stands, d\u00e9couvrir la richesse des produits locaux et profiter d&#8217;une animation culturelle amazigh. La journ\u00e9e s&#8217;est conclue par une visite d&#8217;un site touristique \u00e0 El Mers, c\u00e9l\u00e8bre pour ses traces de dinosaures. Le lendemain, \u00e0 Skoura M&#8217;Daz, les participants ont visit\u00e9 le site de Tafardouste, le vieux moulin et l&#8217;ancienne caserne, avant de se rendre aux cascades, offrant ainsi une immersion dans le patrimoine naturel et historique de la r\u00e9gion.<\/p>\n","protected":false},"excerpt":{"rendered":"<p>Le Festival Irzafrane de Serghina s&#8217;est tenu du 25 au 27 octobre 2024 \u00e0 Mekn\u00e8s, sous le th\u00e8me &#8220;La Route du Safran, moteur pour le d\u00e9veloppement de l&#8217;\u00c9co-Tourisme Responsable&#8221;. Organis\u00e9 en partenariat avec plusieurs institutions r\u00e9gionales, cet \u00e9v\u00e9nement vise \u00e0 promouvoir le safran et son lien \u00e9troit avec le tourisme durable. La premi\u00e8re journ\u00e9e a &hellip;<\/p>\n","protected":false},"author":1,"featured_media":9775,"comment_status":"open","ping_status":"closed","sticky":false,"template":"","format":"standard","meta":{"footnotes":""},"categories":[6,2],"tags":[],"class_list":["post-9774","post","type-post","status-publish","format-standard","has-post-thumbnail","","category-a-la-une","category-actus-maroc"],"aioseo_notices":[],"_links":{"self":[{"href":"https:\/\/www.foodmagazine.ma\/index.php?rest_route=\/wp\/v2\/posts\/9774","targetHints":{"allow":["GET"]}}],"collection":[{"href":"https:\/\/www.foodmagazine.ma\/index.php?rest_route=\/wp\/v2\/posts"}],"about":[{"href":"https:\/\/www.foodmagazine.ma\/index.php?rest_route=\/wp\/v2\/types\/post"}],"author":[{"embeddable":true,"href":"https:\/\/www.foodmagazine.ma\/index.php?rest_route=\/wp\/v2\/users\/1"}],"replies":[{"embeddable":true,"href":"https:\/\/www.foodmagazine.ma\/index.php?rest_route=%2Fwp%2Fv2%2Fcomments&post=9774"}],"version-history":[{"count":1,"href":"https:\/\/www.foodmagazine.ma\/index.php?rest_route=\/wp\/v2\/posts\/9774\/revisions"}],"predecessor-version":[{"id":9776,"href":"https:\/\/www.foodmagazine.ma\/index.php?rest_route=\/wp\/v2\/posts\/9774\/revisions\/9776"}],"wp:featuredmedia":[{"embeddable":true,"href":"https:\/\/www.foodmagazine.ma\/index.php?rest_route=\/wp\/v2\/media\/9775"}],"wp:attachment":[{"href":"https:\/\/www.foodmagazine.ma\/index.php?rest_route=%2Fwp%2Fv2%2Fmedia&parent=9774"}],"wp:term":[{"taxonomy":"category","embeddable":true,"href":"https:\/\/www.foodmagazine.ma\/index.php?rest_route=%2Fwp%2Fv2%2Fcategories&post=9774"},{"taxonomy":"post_tag","embeddable":true,"href":"https:\/\/www.foodmagazine.ma\/index.php?rest_route=%2Fwp%2Fv2%2Ftags&post=9774"}],"curies":[{"name":"wp","href":"https:\/\/api.w.org\/{rel}","templated":true}]}}