{"id":9780,"date":"2024-10-29T11:00:18","date_gmt":"2024-10-29T10:00:18","guid":{"rendered":"https:\/\/www.foodmagazine.ma\/?p=9780"},"modified":"2024-10-29T11:00:47","modified_gmt":"2024-10-29T10:00:47","slug":"forum-zlecaf-vers-un-commerce-intra-africain-renforce","status":"publish","type":"post","link":"https:\/\/www.foodmagazine.ma\/?p=9780","title":{"rendered":"Forum ZLECAF : vers un commerce intra-africain renforc\u00e9"},"content":{"rendered":"\n<figure class=\"wp-block-image size-full\"><img loading=\"lazy\" decoding=\"async\" width=\"1000\" height=\"662\" src=\"https:\/\/www.foodmagazine.ma\/wp-content\/uploads\/2024\/10\/Affiche-ZLECAF-Morocco-2024.jpg\" alt=\"\" class=\"wp-image-9781\" srcset=\"https:\/\/www.foodmagazine.ma\/wp-content\/uploads\/2024\/10\/Affiche-ZLECAF-Morocco-2024.jpg 1000w, https:\/\/www.foodmagazine.ma\/wp-content\/uploads\/2024\/10\/Affiche-ZLECAF-Morocco-2024-300x199.jpg 300w, https:\/\/www.foodmagazine.ma\/wp-content\/uploads\/2024\/10\/Affiche-ZLECAF-Morocco-2024-768x508.jpg 768w, https:\/\/www.foodmagazine.ma\/wp-content\/uploads\/2024\/10\/Affiche-ZLECAF-Morocco-2024-310x205.jpg 310w\" sizes=\"auto, (max-width: 1000px) 100vw, 1000px\" \/><\/figure>\n\n\n\n<p>Sous le Haut Patronage de Sa Majest\u00e9 le Roi Mohammed VI, le Minist\u00e8re de l\u2019Industrie et du Commerce et l&#8217;ASMEX coorganisent la 1<sup>\u00e8re<\/sup>&nbsp;\u00e9dition du Business Forum ZLECAF le 5 novembre 2024. L\u2019\u00e9v\u00e9nement, ax\u00e9 sur le th\u00e8me \u00ab Commerce Intra-Africain : Perspectives et opportunit\u00e9s \u00bb, r\u00e9unira 6 ministres africains, des experts et des repr\u00e9sentants d\u2019organismes de promotion commerciale.<\/p>\n\n\n\n<p>Le forum ZLECAF, sera inaugur\u00e9 par M. Ryad Mezzour, ministre du Commerce et de l\u2019Industrie, et M. Hassan Sentissi El Idrissi, pr\u00e9sident de l&#8217;ASMEX. Il rassemblera des acteurs influents du commerce africain. Cette plateforme strat\u00e9gique mettra en exergue l\u2019action sur l\u2019int\u00e9gration r\u00e9gionale et les strat\u00e9gies d&#8217;\u00e9changes intra-africains. A cette occasion, M. Wamkele Mene, secr\u00e9taire g\u00e9n\u00e9ral de la ZLECAF, fera une intervention sur l&#8217;avancement de la zone de libre-\u00e9change.<\/p>\n\n\n\n<p>En parall\u00e8le, plusieurs tables rondes aborderont des th\u00e8mes comme la coop\u00e9ration Sud-Sud, les investissements et les opportunit\u00e9s sectorielles, et offriront aux participants l&#8217;occasion d&#8217;explorer des axes de d\u00e9veloppement commercial sur le continent.<\/p>\n\n\n\n<p>\u00c0 l\u2019issue du forum ZLECAF, des recommandations strat\u00e9giques seront formul\u00e9es pour maximiser les avantages de la zone de libre-\u00e9change en faveur d&#8217;une Afrique prosp\u00e8re. Les intervenants et participants auront \u00e9galement l&#8217;occasion d&#8217;\u00e9changer lors d&#8217;un business-lunch et au sein de l\u2019espace partenaires.<\/p>\n","protected":false},"excerpt":{"rendered":"<p>Sous le Haut Patronage de Sa Majest\u00e9 le Roi Mohammed VI, le Minist\u00e8re de l\u2019Industrie et du Commerce et l&#8217;ASMEX coorganisent la 1\u00e8re&nbsp;\u00e9dition du Business Forum ZLECAF le 5 novembre 2024. L\u2019\u00e9v\u00e9nement, ax\u00e9 sur le th\u00e8me \u00ab Commerce Intra-Africain : Perspectives et opportunit\u00e9s \u00bb, r\u00e9unira 6 ministres africains, des experts et des repr\u00e9sentants d\u2019organismes de &hellip;<\/p>\n","protected":false},"author":1,"featured_media":9781,"comment_status":"open","ping_status":"closed","sticky":false,"template":"","format":"standard","meta":{"footnotes":""},"categories":[6,2],"tags":[],"class_list":["post-9780","post","type-post","status-publish","format-standard","has-post-thumbnail","","category-a-la-une","category-actus-maroc"],"aioseo_notices":[],"_links":{"self":[{"href":"https:\/\/www.foodmagazine.ma\/index.php?rest_route=\/wp\/v2\/posts\/9780","targetHints":{"allow":["GET"]}}],"collection":[{"href":"https:\/\/www.foodmagazine.ma\/index.php?rest_route=\/wp\/v2\/posts"}],"about":[{"href":"https:\/\/www.foodmagazine.ma\/index.php?rest_route=\/wp\/v2\/types\/post"}],"author":[{"embeddable":true,"href":"https:\/\/www.foodmagazine.ma\/index.php?rest_route=\/wp\/v2\/users\/1"}],"replies":[{"embeddable":true,"href":"https:\/\/www.foodmagazine.ma\/index.php?rest_route=%2Fwp%2Fv2%2Fcomments&post=9780"}],"version-history":[{"count":2,"href":"https:\/\/www.foodmagazine.ma\/index.php?rest_route=\/wp\/v2\/posts\/9780\/revisions"}],"predecessor-version":[{"id":9784,"href":"https:\/\/www.foodmagazine.ma\/index.php?rest_route=\/wp\/v2\/posts\/9780\/revisions\/9784"}],"wp:featuredmedia":[{"embeddable":true,"href":"https:\/\/www.foodmagazine.ma\/index.php?rest_route=\/wp\/v2\/media\/9781"}],"wp:attachment":[{"href":"https:\/\/www.foodmagazine.ma\/index.php?rest_route=%2Fwp%2Fv2%2Fmedia&parent=9780"}],"wp:term":[{"taxonomy":"category","embeddable":true,"href":"https:\/\/www.foodmagazine.ma\/index.php?rest_route=%2Fwp%2Fv2%2Fcategories&post=9780"},{"taxonomy":"post_tag","embeddable":true,"href":"https:\/\/www.foodmagazine.ma\/index.php?rest_route=%2Fwp%2Fv2%2Ftags&post=9780"}],"curies":[{"name":"wp","href":"https:\/\/api.w.org\/{rel}","templated":true}]}}