{"id":9785,"date":"2024-10-29T11:01:59","date_gmt":"2024-10-29T10:01:59","guid":{"rendered":"https:\/\/www.foodmagazine.ma\/?p=9785"},"modified":"2024-10-29T11:02:00","modified_gmt":"2024-10-29T10:02:00","slug":"sante-des-sols-defis-et-solutions-en-mediterranee","status":"publish","type":"post","link":"https:\/\/www.foodmagazine.ma\/?p=9785","title":{"rendered":"Sant\u00e9 des sols : d\u00e9fis et solutions en m\u00e9diterran\u00e9e"},"content":{"rendered":"\n<figure class=\"wp-block-image size-full\"><img loading=\"lazy\" decoding=\"async\" width=\"1000\" height=\"667\" src=\"https:\/\/www.foodmagazine.ma\/wp-content\/uploads\/2024\/10\/444a5731-60e8-42e0-85b6-56e9d21388eb.jpg\" alt=\"\" class=\"wp-image-9786\" srcset=\"https:\/\/www.foodmagazine.ma\/wp-content\/uploads\/2024\/10\/444a5731-60e8-42e0-85b6-56e9d21388eb.jpg 1000w, https:\/\/www.foodmagazine.ma\/wp-content\/uploads\/2024\/10\/444a5731-60e8-42e0-85b6-56e9d21388eb-300x200.jpg 300w, https:\/\/www.foodmagazine.ma\/wp-content\/uploads\/2024\/10\/444a5731-60e8-42e0-85b6-56e9d21388eb-768x512.jpg 768w\" sizes=\"auto, (max-width: 1000px) 100vw, 1000px\" \/><\/figure>\n\n\n\n<p>M. Redouane Arrach, secr\u00e9taire g\u00e9n\u00e9ral du minist\u00e8re de l\u2019Agriculture, de la P\u00eache Maritime, du D\u00e9veloppement Rural et des Eaux et For\u00eats, a inaugur\u00e9, le 22 octobre 2024 \u00e0 Rabat, la conf\u00e9rence r\u00e9gionale m\u00e9diterran\u00e9enne sur l\u2019agro\u00e9cologie, sous le th\u00e8me \u00ab Ensemble, soutenons la sant\u00e9 des sols dans le contexte m\u00e9diterran\u00e9en \u00bb. L&#8217;\u00e9v\u00e9nement a rassembl\u00e9 d\u00e9cideurs, chercheurs, agriculteurs, ONG et repr\u00e9sentants d&#8217;organisations internationales.<\/p>\n\n\n\n<p>Organis\u00e9e dans le cadre de l&#8217;initiative internationale &#8220;4 pour 1000&#8221;, la conf\u00e9rence a \u00e9t\u00e9 coorganis\u00e9e par plusieurs institutions telles que le Centre International de Hautes Etudes Agronomiques M\u00e9diterran\u00e9ennes (CIHEAM), l\u2019Institut Agronomique et V\u00e9t\u00e9rinaire Hassan II, le Centre de coop\u00e9ration internationale en recherche agronomique pour le d\u00e9veloppement (CIRAD), et d\u2019autres partenaires. Son objectif principal \u00e9tait de d\u00e9battre des enjeux de la durabilit\u00e9 des syst\u00e8mes agricoles en M\u00e9diterran\u00e9e, tout en soulignant les contributions de l&#8217;agro\u00e9cologie et la s\u00e9questration du carbone dans les sols.<\/p>\n\n\n\n<p>Lors de la conf\u00e9rence, M. Arrach a mis en avant la s\u00e9questration du carbone dans les sols comme solution naturelle pour r\u00e9duire les \u00e9missions de gaz \u00e0 effet de serre, tout en pr\u00e9servant l&#8217;environnement et en soutenant la productivit\u00e9 agricole. Il a affirm\u00e9 l&#8217;engagement du minist\u00e8re \u00e0 promouvoir la transition agro\u00e9cologique par le biais des strat\u00e9gies G\u00e9n\u00e9ration Green et For\u00eats du Maroc. La r\u00e9union, \u00e9tablie sur deux jours, a permis l\u2019\u00e9change sur la durabilit\u00e9 des syst\u00e8mes agricoles face au changement climatique et l\u2019\u00e9laboration d\u2019une feuille de route r\u00e9gionale \u00ab 4 pour 1000&nbsp;\u00bb<\/p>\n\n\n\n<p>La COP 28 \u00e0 Duba\u00ef a \u00e9galement mis en avant l&#8217;am\u00e9lioration des pratiques agricoles comme une strat\u00e9gie cl\u00e9 pour lutter contre le changement climatique. La protection et la restauration des sols, v\u00e9ritables r\u00e9servoirs de carbone, sont essentielles pour favoriser la s\u00e9questration du carbone et r\u00e9duire les \u00e9missions de GES. De plus, la capture du carbone dans les sols agricoles devient une priorit\u00e9 mondiale pour am\u00e9liorer la sant\u00e9 des sols, cruciale pour garantir la s\u00e9curit\u00e9 alimentaire. L&#8217;agro\u00e9cologie et d&#8217;autres approches innovantes apparaissent comme des solutions efficaces pour s\u2019adapter aux changements climatiques.<\/p>\n","protected":false},"excerpt":{"rendered":"<p>M. Redouane Arrach, secr\u00e9taire g\u00e9n\u00e9ral du minist\u00e8re de l\u2019Agriculture, de la P\u00eache Maritime, du D\u00e9veloppement Rural et des Eaux et For\u00eats, a inaugur\u00e9, le 22 octobre 2024 \u00e0 Rabat, la conf\u00e9rence r\u00e9gionale m\u00e9diterran\u00e9enne sur l\u2019agro\u00e9cologie, sous le th\u00e8me \u00ab Ensemble, soutenons la sant\u00e9 des sols dans le contexte m\u00e9diterran\u00e9en \u00bb. L&#8217;\u00e9v\u00e9nement a rassembl\u00e9 d\u00e9cideurs, chercheurs, &hellip;<\/p>\n","protected":false},"author":1,"featured_media":9786,"comment_status":"open","ping_status":"closed","sticky":false,"template":"","format":"standard","meta":{"footnotes":""},"categories":[6,2],"tags":[],"class_list":["post-9785","post","type-post","status-publish","format-standard","has-post-thumbnail","","category-a-la-une","category-actus-maroc"],"aioseo_notices":[],"_links":{"self":[{"href":"https:\/\/www.foodmagazine.ma\/index.php?rest_route=\/wp\/v2\/posts\/9785","targetHints":{"allow":["GET"]}}],"collection":[{"href":"https:\/\/www.foodmagazine.ma\/index.php?rest_route=\/wp\/v2\/posts"}],"about":[{"href":"https:\/\/www.foodmagazine.ma\/index.php?rest_route=\/wp\/v2\/types\/post"}],"author":[{"embeddable":true,"href":"https:\/\/www.foodmagazine.ma\/index.php?rest_route=\/wp\/v2\/users\/1"}],"replies":[{"embeddable":true,"href":"https:\/\/www.foodmagazine.ma\/index.php?rest_route=%2Fwp%2Fv2%2Fcomments&post=9785"}],"version-history":[{"count":1,"href":"https:\/\/www.foodmagazine.ma\/index.php?rest_route=\/wp\/v2\/posts\/9785\/revisions"}],"predecessor-version":[{"id":9787,"href":"https:\/\/www.foodmagazine.ma\/index.php?rest_route=\/wp\/v2\/posts\/9785\/revisions\/9787"}],"wp:featuredmedia":[{"embeddable":true,"href":"https:\/\/www.foodmagazine.ma\/index.php?rest_route=\/wp\/v2\/media\/9786"}],"wp:attachment":[{"href":"https:\/\/www.foodmagazine.ma\/index.php?rest_route=%2Fwp%2Fv2%2Fmedia&parent=9785"}],"wp:term":[{"taxonomy":"category","embeddable":true,"href":"https:\/\/www.foodmagazine.ma\/index.php?rest_route=%2Fwp%2Fv2%2Fcategories&post=9785"},{"taxonomy":"post_tag","embeddable":true,"href":"https:\/\/www.foodmagazine.ma\/index.php?rest_route=%2Fwp%2Fv2%2Ftags&post=9785"}],"curies":[{"name":"wp","href":"https:\/\/api.w.org\/{rel}","templated":true}]}}