{"id":9797,"date":"2024-10-29T11:14:22","date_gmt":"2024-10-29T10:14:22","guid":{"rendered":"https:\/\/www.foodmagazine.ma\/?p=9797"},"modified":"2024-10-29T14:27:44","modified_gmt":"2024-10-29T13:27:44","slug":"synergies-agricoles-maroc-france-morocco-foodex-promeut-des-partenariats-durables","status":"publish","type":"post","link":"https:\/\/www.foodmagazine.ma\/?p=9797","title":{"rendered":"Synergies agricoles Maroc-France\u00a0: Morocco Foodex promeut des partenariats durables"},"content":{"rendered":"\n<figure class=\"wp-block-image size-full\"><img loading=\"lazy\" decoding=\"async\" width=\"1000\" height=\"563\" src=\"https:\/\/www.foodmagazine.ma\/wp-content\/uploads\/2024\/10\/Photos-1.jpg\" alt=\"\" class=\"wp-image-9798\" srcset=\"https:\/\/www.foodmagazine.ma\/wp-content\/uploads\/2024\/10\/Photos-1.jpg 1000w, https:\/\/www.foodmagazine.ma\/wp-content\/uploads\/2024\/10\/Photos-1-300x169.jpg 300w, https:\/\/www.foodmagazine.ma\/wp-content\/uploads\/2024\/10\/Photos-1-768x432.jpg 768w\" sizes=\"auto, (max-width: 1000px) 100vw, 1000px\" \/><\/figure>\n\n\n\n<p>Dans le cadre de ses efforts pour explorer de nouveaux march\u00e9s tout en renfor\u00e7ant ses relations avec des partenaires historiques comme la France, Morocco Foodex intensifie la promotion de l\u2019origine \u00ab Maroc \u00bb \u00e0 l&#8217;international. C\u2019est dans le cadre de cette dynamique qu\u2019une d\u00e9l\u00e9gation d\u2019importateurs fran\u00e7ais a \u00e9t\u00e9 re\u00e7ue \u00e0 Agadir les 25 et 26 octobre courants, pour des rencontres B to B et des visites de vergers et stations de conditionnement dans la r\u00e9gion du Souss-Massa. Cette mission \u00e9tait organis\u00e9e en partenariat avec le Syndicat National (fran\u00e7ais) des Importateurs de Fruits et L\u00e9gumes (SNIFL) et avait pour objectif de mettre en avant la qualit\u00e9 des produits agricoles marocains et de consolider les \u00e9changes commerciaux. Avec environ 574 000 tonnes de primeurs et 43 000 tonnes d\u2019agrumes export\u00e9es vers la France en 2023-2024, ce partenariat agricole demeure un pilier essentiel du commerce bilat\u00e9ral.<\/p>\n\n\n\n<p>\u00ab&nbsp;<em>\u00c0 Agadir, une vingtaine d\u2019entreprises fran\u00e7aises, principalement originaires de Perpignan et de Marseille, ont \u00e9t\u00e9 invit\u00e9es \u00e0 d\u00e9couvrir l\u2019offre exportable marocaine. Cette initiative s\u2019inscrit dans le cadre du plan annuel de promotion et de d\u00e9veloppement mis en place par Morocco Foodex, au profit des exportateurs marocains du secteur. L\u2019objectif est de pr\u00e9senter ces exportateurs \u00e0 des donneurs d\u2019ordre europ\u00e9ens afin de mieux positionner l\u2019offre marocaine, d\u00e9j\u00e0 reconnue et appr\u00e9ci\u00e9e par les acheteurs europ\u00e9ens. L\u2019id\u00e9e est de gagner des parts de march\u00e9, de renforcer la position du Maroc et de d\u00e9velopper les relations commerciales entre le Maroc et la France&nbsp;<\/em>\u00bb, d\u00e9clare El Mehdi El Alami, directeur de la Promotion et du D\u00e9veloppement, Morocco Foodex.<\/p>\n\n\n\n<figure class=\"wp-block-embed is-type-video is-provider-vimeo wp-block-embed-vimeo wp-embed-aspect-16-9 wp-has-aspect-ratio\"><div class=\"wp-block-embed__wrapper\">\n<iframe loading=\"lazy\" title=\"Morocco Foodex\" src=\"https:\/\/player.vimeo.com\/video\/1024306588?dnt=1&amp;app_id=122963\" width=\"618\" height=\"348\" frameborder=\"0\" allow=\"autoplay; fullscreen; picture-in-picture; clipboard-write\"><\/iframe>\n<\/div><figcaption class=\"wp-element-caption\"><em><strong>El Mehdi El Alami, Directeur de la Promotion et du D\u00e9veloppement, Morocco Foodex<\/strong><\/em><\/figcaption><\/figure>\n\n\n\n<p>Le Maroc multiplie les initiatives pour valoriser l&#8217;origine &#8220;Maroc&#8221; afin de r\u00e9pondre \u00e0 des d\u00e9fis \u00e9conomiques, politiques et diplomatiques majeurs. Face \u00e0 la concurrence internationale accrue et aux exigences croissantes des march\u00e9s europ\u00e9ens, le royaume cherche \u00e0 renforcer sa comp\u00e9titivit\u00e9 en diversifiant ses d\u00e9bouch\u00e9s et en consolidant ses partenariats historiques, notamment avec la France. Sur le plan politique, la d\u00e9cision de la Cour de justice de l&#8217;Union europ\u00e9enne concernant les produits issus du Sahara occidental pousse le Maroc \u00e0 d\u00e9fendre sa souverainet\u00e9 et \u00e0 ren\u00e9gocier ses accords commerciaux avec l\u2019UE, tout en explorant de nouveaux march\u00e9s.<\/p>\n\n\n\n<figure class=\"wp-block-image size-full\"><img loading=\"lazy\" decoding=\"async\" width=\"1000\" height=\"563\" src=\"https:\/\/www.foodmagazine.ma\/wp-content\/uploads\/2024\/10\/Photo-2.jpg\" alt=\"\" class=\"wp-image-9816\" srcset=\"https:\/\/www.foodmagazine.ma\/wp-content\/uploads\/2024\/10\/Photo-2.jpg 1000w, https:\/\/www.foodmagazine.ma\/wp-content\/uploads\/2024\/10\/Photo-2-300x169.jpg 300w, https:\/\/www.foodmagazine.ma\/wp-content\/uploads\/2024\/10\/Photo-2-768x432.jpg 768w\" sizes=\"auto, (max-width: 1000px) 100vw, 1000px\" \/><\/figure>\n\n\n\n<p><\/p>\n\n\n\n<p>Cette mission a donc pour ambition de stimuler les exportations marocaines vers le march\u00e9 europ\u00e9en, en mettant en avant les atouts des produits frais du royaume, la r\u00e9putation de l&#8217;origine Maroc et le savoir-faire des agriculteurs locaux. Elle devrait \u00e9galement permettre de renforcer les partenariats entre les exportateurs marocains et les importateurs europ\u00e9ens, ouvrant ainsi la voie \u00e0 de nouvelles opportunit\u00e9s commerciales.<\/p>\n\n\n\n<p><strong>Des producteurs marocains \u00e0 la conqu\u00eate du march\u00e9 fran\u00e7ais<\/strong><\/p>\n\n\n\n<p>Une cinquantaine de producteurs marocains ont pris part aux rencontres BtoB organis\u00e9es dans le cadre des \u00e9changes avec des acheteurs internationaux. \u00ab&nbsp;<em>Participer \u00e0 ces rencontres BtoB repr\u00e9sente une opportunit\u00e9 inestimable pour nous, exportateurs marocains<\/em>&nbsp;\u00bb, confie un producteur marocain qui pr\u00e9f\u00e8re garder l&#8217;anonymat. \u00ab&nbsp;<em>En une seule journ\u00e9e, nous avons la chance de rencontrer plusieurs acheteurs potentiels, d\u2019\u00e9changer directement avec eux et de mieux comprendre leurs attentes. Cela nous permet d\u2019\u00e9tendre notre r\u00e9seau et d&#8217;identifier de nouvelles opportunit\u00e9s pour accro\u00eetre notre part de march\u00e9<\/em>. \u00bb<\/p>\n\n\n\n<p>Il souligne \u00e9galement l\u2019importance des efforts d\u00e9ploy\u00e9s par Morocco Foodex pour faciliter ces \u00e9changes : \u00ab&nbsp;<em>Morocco Foodex joue un r\u00f4le crucial dans le rapprochement entre les producteurs marocains et les acheteurs internationaux, notamment en France, un march\u00e9 cl\u00e9 pour nos produits. Gr\u00e2ce \u00e0 ces initiatives, nous avons la possibilit\u00e9 de renforcer notre pr\u00e9sence \u00e0 l&#8217;\u00e9tranger tout en valorisant la qualit\u00e9 et la diversit\u00e9 de l\u2019offre marocaine<\/em>. \u00bb<\/p>\n\n\n\n<figure class=\"wp-block-image size-full\"><img loading=\"lazy\" decoding=\"async\" width=\"1000\" height=\"563\" src=\"https:\/\/www.foodmagazine.ma\/wp-content\/uploads\/2024\/10\/Photo-3.jpg\" alt=\"\" class=\"wp-image-9820\" srcset=\"https:\/\/www.foodmagazine.ma\/wp-content\/uploads\/2024\/10\/Photo-3.jpg 1000w, https:\/\/www.foodmagazine.ma\/wp-content\/uploads\/2024\/10\/Photo-3-300x169.jpg 300w, https:\/\/www.foodmagazine.ma\/wp-content\/uploads\/2024\/10\/Photo-3-768x432.jpg 768w\" sizes=\"auto, (max-width: 1000px) 100vw, 1000px\" \/><\/figure>\n\n\n\n<p><\/p>\n\n\n\n<p>Parall\u00e8lement KRONE F&amp;V, un exportateur marocain de fruits et l\u00e9gumes frais, perp\u00e9tue une tradition d\u2019excellence initi\u00e9e par Abderrahmane Choufani, pionnier de l\u2019exportation de tomates marocaines vers l\u2019Europe depuis 1967. Le Maroc se positionne en fournisseur strat\u00e9gique pour r\u00e9pondre aux besoins croissants des march\u00e9s europ\u00e9ens, notamment la France, acteur cl\u00e9 de la distribution sur le continent.<\/p>\n\n\n\n<p>Abderrahmane Zouhir, jeune Managing Director de KRONE F&amp;V, a d\u00e9voil\u00e9 qu\u2019il a particip\u00e9 \u00e0 ces rencontres pour renforcer les liens avec les partenaires fran\u00e7ais dans le but d&#8217;accro\u00eetre les volumes d&#8217;exportation. \u00ab&nbsp;<em>Nous avons re\u00e7u des retours tr\u00e8s encourageants ; ils se sont r\u00e9jouis de la qualit\u00e9 et de la disponibilit\u00e9 de nos tomates, dattes et autres fruits<\/em>&nbsp;\u00bb, a-t-il ajout\u00e9, soulignant sa volont\u00e9 de poursuivre et d\u2019approfondir cette coop\u00e9ration.<\/p>\n\n\n\n<p>Avec des certifications telles que GlobalG.A.P., GRASP et BRC FOOD, KRONE F&amp;V assure une qualit\u00e9 rigoureuse de ses produits, tout en soutenant une expansion durable du secteur. \u00ab&nbsp;<em>Nous esp\u00e9rons que l&#8217;ensemble des exportateurs marocains pourront b\u00e2tir des partenariats solides et durables pour l&#8217;avenir du secteur au Maroc<\/em>&nbsp;\u00bb, a ajout\u00e9 Abderrahmane Zouhir.<\/p>\n\n\n\n<p><strong>Visites fructueuses<\/strong><\/p>\n\n\n\n<p>Les visites organis\u00e9es par Morocco Foodex, en partenariat avec le SNIFL, a permis \u00e0 la d\u00e9l\u00e9gation d\u2019importateurs fran\u00e7ais de d\u00e9couvrir les stations agricoles et les fermes marocaines. L\u2019objectif \u00e9tait de renforcer les liens commerciaux et d&#8217;explorer de nouvelles opportunit\u00e9s de collaboration entre les producteurs exportateurs marocains et les acteurs fran\u00e7ais du secteur des fruits et l\u00e9gumes. Parmi les sites visit\u00e9s, la station African Red, filiale du groupe Surexport sp\u00e9cialis\u00e9e dans la production et l&#8217;exportation de fruits rouges frais et surgel\u00e9s, ainsi que la station Lymouna-Mathysha-Toutyberry, un groupe int\u00e9gr\u00e9 d\u2019entreprises fond\u00e9 par Taquie Cherradi, ont marqu\u00e9 l\u2019int\u00e9r\u00eat des participants.<\/p>\n\n\n\n<p>Cette initiative s&#8217;inscrit dans une dynamique de renforcement des \u00e9changes commerciaux, visant \u00e0 mieux faire conna\u00eetre les capacit\u00e9s agricoles marocaines tout en favorisant des collaborations durables.<\/p>\n\n\n\n<figure class=\"wp-block-image size-full\"><img loading=\"lazy\" decoding=\"async\" width=\"1000\" height=\"563\" src=\"https:\/\/www.foodmagazine.ma\/wp-content\/uploads\/2024\/10\/Photo-4bis.jpg\" alt=\"\" class=\"wp-image-9823\" srcset=\"https:\/\/www.foodmagazine.ma\/wp-content\/uploads\/2024\/10\/Photo-4bis.jpg 1000w, https:\/\/www.foodmagazine.ma\/wp-content\/uploads\/2024\/10\/Photo-4bis-300x169.jpg 300w, https:\/\/www.foodmagazine.ma\/wp-content\/uploads\/2024\/10\/Photo-4bis-768x432.jpg 768w\" sizes=\"auto, (max-width: 1000px) 100vw, 1000px\" \/><\/figure>\n\n\n\n<p><\/p>\n\n\n\n<p>M. Aziz Rahmani, directeur g\u00e9n\u00e9ral de Lymona Mathysha, a soulign\u00e9 que le groupe Cherradi s\u2019impose comme un acteur cl\u00e9 dans la production de fruits et l\u00e9gumes d\u2019hiver au Maroc, que ce soit sous serre ou en plein champ. Il a \u00e9galement mis en avant l&#8217;int\u00e9gration de la p\u00e9pini\u00e8re dans leur cha\u00eene de production, ainsi que leurs installations d\u00e9di\u00e9es au conditionnement et \u00e0 la production de plants, renfor\u00e7ant ainsi leur position dans le secteur agricole. \u00ab&nbsp;<em>Nous disposons \u00e9galement d\u2019une soci\u00e9t\u00e9 commerciale \u00e0 Saint-Charles, Perpignan, ce qui facilite nos \u00e9changes avec le march\u00e9 europ\u00e9en. Notre production couvre toute la gamme de tomates, ainsi que des l\u00e9gumes d&#8217;hiver comme le poivron, la courgette et les haricots. Nous produisons \u00e9galement des agrumes, des petits fruits aux plus gros.<\/em>&nbsp;\u00bb<\/p>\n\n\n\n<p>M. Rahmani a ajout\u00e9 que la visite de cette d\u00e9l\u00e9gation s\u2019inscrit dans le cadre d\u2019un \u00e9change de partenariats entre le syndicat de Saint-Charles et les exportateurs marocains : \u00ab&nbsp;<em>Ces \u00e9changes visent \u00e0 cr\u00e9er des synergies, notamment sur la commercialisation des produits. La d\u00e9l\u00e9gation regroupe plusieurs acteurs de la fili\u00e8re fruits et l\u00e9gumes fran\u00e7aise, charg\u00e9s de valoriser la production. Ils d\u00e9couvrent nos outils de production et visitent des fermes, avec l\u2019espoir de d\u00e9velopper des relations commerciales solides en s\u2019appuyant sur le Plan Maroc Vert et le nouveau plan Generation Green<\/em>. \u00bb<\/p>\n\n\n\n<p>Pour sa part, Vincent Deguen, importateur fran\u00e7ais et pr\u00e9sident de la soci\u00e9t\u00e9 Alroprime \u00e0 Perpignan, a lui aussi soulign\u00e9 l\u2019importance de cette mission. Apr\u00e8s avoir visit\u00e9 des installations comme la station African Red et Lymouna-Mathysha-Toutyberry, il a d\u00e9clar\u00e9 :&nbsp;<\/p>\n\n\n\n<p>\u00ab&nbsp;<em>Cette mission est tr\u00e8s int\u00e9ressante car elle permet de constater la qualit\u00e9 des produits marocains et le s\u00e9rieux des professionnels qui y travaillent. L\u2019autre int\u00e9r\u00eat est de rencontrer \u00e0 la fois des producteurs et des exportateurs pour explorer des int\u00e9r\u00eats communs et renforcer la pr\u00e9sence de l\u2019origine marocaine sur le march\u00e9 fran\u00e7ais<\/em>. \u00bb<\/p>\n\n\n\n<div class=\"wp-block-media-text is-stacked-on-mobile has-cyan-bluish-gray-background-color has-background\"><figure class=\"wp-block-media-text__media\"><img loading=\"lazy\" decoding=\"async\" width=\"400\" height=\"300\" src=\"https:\/\/www.foodmagazine.ma\/wp-content\/uploads\/2024\/10\/Photo-Encadre.jpg\" alt=\"\" class=\"wp-image-9801 size-full\" srcset=\"https:\/\/www.foodmagazine.ma\/wp-content\/uploads\/2024\/10\/Photo-Encadre.jpg 400w, https:\/\/www.foodmagazine.ma\/wp-content\/uploads\/2024\/10\/Photo-Encadre-300x225.jpg 300w\" sizes=\"auto, (max-width: 400px) 100vw, 400px\" \/><\/figure><div class=\"wp-block-media-text__content\">\n<p><strong>4 questions pos\u00e9es \u00e0 Antonio Morales Abad, Pr\u00e9sident chez Alternea<\/strong><\/p>\n<\/div><\/div>\n\n\n\n<div class=\"wp-block-group\"><div class=\"wp-block-group__inner-container is-layout-constrained wp-block-group-is-layout-constrained\">\n<div class=\"wp-block-group has-background\" style=\"background-color:#f2f2f2\"><div class=\"wp-block-group__inner-container is-layout-constrained wp-block-group-is-layout-constrained\">\n<ul class=\"wp-block-list\">\n<li><strong>Pr\u00e9sentez-nous votre entreprise ?<\/strong><\/li>\n<\/ul>\n\n\n\n<p>Alternea se positionne comme un acteur cl\u00e9 dans le secteur des fruits et l\u00e9gumes du bassin m\u00e9diterran\u00e9en, avec un engagement fort pour une agriculture durable et \u00e9thique. Nous travaillons avec des zones de production multi-origines, ce qui nous permet de garantir une offre vari\u00e9e tout au long de l&#8217;ann\u00e9e, adapt\u00e9e aux besoins sp\u00e9cifiques de nos clients gr\u00e2ce \u00e0 des conditionnements sur-mesure.<\/p>\n\n\n\n<p>La s\u00e9curit\u00e9 alimentaire est au c\u0153ur de nos priorit\u00e9s. Nous sommes certifi\u00e9s GLOBALG.A.P., BIO et IFS Food, ce qui atteste de notre rigueur en mati\u00e8re de qualit\u00e9 et de tra\u00e7abilit\u00e9. Notre plateforme frigorifique de 10 000 m\u00b2 \u00e0 Perpignan assure des contr\u00f4les qualit\u00e9 stricts pour garantir la fra\u00eecheur de nos produits.<\/p>\n\n\n\n<p>Depuis l\u2019an 2000, nous collaborons \u00e9troitement avec plusieurs partenaires au Maroc, ce qui renforce notre capacit\u00e9 d&#8217;approvisionnement et nous permet de r\u00e9pondre aux exigences des march\u00e9s europ\u00e9ens. Nos principaux produits incluent la ratatouille, les past\u00e8ques, les melons, les fruits \u00e0 p\u00e9pins, les fruits \u00e0 noyaux, ainsi que les fraises et les figues.<\/p>\n\n\n\n<ul class=\"wp-block-list\">\n<li><strong>Qu\u2019est-ce qui motive particuli\u00e8rement votre d\u00e9placement au Maroc et l\u2019int\u00e9r\u00eat pour ses produits agricoles ?<\/strong><\/li>\n<\/ul>\n\n\n\n<p>Notre d\u00e9placement vise \u00e0 renforcer nos contacts avec les producteurs marocains. Pour nous, le Maroc est une origine strat\u00e9gique avec des produits de qualit\u00e9 et comp\u00e9titifs.<\/p>\n\n\n\n<p>La plupart des producteurs marocains poss\u00e8dent les certifications n\u00e9cessaires \u00e0 l\u2019export, comme GlobalG.A.P. et GRASP, ce qui r\u00e9pond aux exigences de notre client\u00e8le. Les produits marocains offrent une qualit\u00e9 reconnue et une comp\u00e9titivit\u00e9 sur les march\u00e9s&nbsp;<\/p>\n\n\n\n<p>Les produits marocains se d\u00e9marquent par leur fiabilit\u00e9, int\u00e9grant qualit\u00e9, s\u00e9curit\u00e9 alimentaire et bonnes conditions sociales pour les travailleurs locaux. Ils r\u00e9pondent aussi aux besoins des grands clients gr\u00e2ce \u00e0 une capacit\u00e9 de service comp\u00e9titive.<\/p>\n\n\n\n<ul class=\"wp-block-list\">\n<li><strong>Quel r\u00f4le occupe le Maroc dans votre activit\u00e9 commerciale, et quel impact la s\u00e9cheresse a-t-elle eu sur votre co\u00fbt de production ?<\/strong><\/li>\n<\/ul>\n\n\n\n<p>Nous collaborons avec des producteurs marocains depuis l\u2019an 2000, et le Maroc repr\u00e9sente 15 % de notre chiffre d\u2019affaires, soit environ 18 millions d\u2019euros par an. Bien entendu, la s\u00e9cheresse a eu un impact significatif sur notre co\u00fbt de revient, mais le Maroc a r\u00e9agi en lan\u00e7ant des stations de dessalement pour att\u00e9nuer ce probl\u00e8me, qui affecte \u00e9galement d\u2019autres pays producteurs comme l\u2019Espagne et l\u2019Italie.<\/p>\n\n\n\n<ul class=\"wp-block-list\">\n<li><strong>En France, la tendance \u00e0 \u00ab consommer local \u00bb semble de plus en plus s\u2019opposer \u00e0 l&#8217;importation de fruits et l\u00e9gumes, notamment marocains. Quelles sont les menaces pour le d\u00e9veloppement durable des exportations marocaines vers la France, et comment y r\u00e9pondez-vous ?<\/strong><\/li>\n<\/ul>\n\n\n\n<p>Cette tendance n\u2019est pas nouvelle, mais elle est plus m\u00e9diatis\u00e9e aujourd&#8217;hui avec les r\u00e9seaux sociaux. En r\u00e9alit\u00e9, il est difficile pour la France de se suffire en tomates locales, car certaines p\u00e9riodes de l\u2019ann\u00e9e ne permettent pas de les produire en quantit\u00e9 suffisante. En outre, les consommateurs fran\u00e7ais recherchent parfois des produits plus comp\u00e9titifs. C\u2019est pourquoi la tomate, comme d\u2019autres produits agricoles marocains, reste un produit de confiance et continuera d\u2019avoir sa place en France et en Europe.<\/p>\n<\/div><\/div>\n<\/div><\/div>\n","protected":false},"excerpt":{"rendered":"<p>Dans le cadre de ses efforts pour explorer de nouveaux march\u00e9s tout en renfor\u00e7ant ses relations avec des partenaires historiques comme la France, Morocco Foodex intensifie la promotion de l\u2019origine \u00ab Maroc \u00bb \u00e0 l&#8217;international. C\u2019est dans le cadre de cette dynamique qu\u2019une d\u00e9l\u00e9gation d\u2019importateurs fran\u00e7ais a \u00e9t\u00e9 re\u00e7ue \u00e0 Agadir les 25 et 26 &hellip;<\/p>\n","protected":false},"author":1,"featured_media":9798,"comment_status":"open","ping_status":"closed","sticky":false,"template":"","format":"standard","meta":{"footnotes":""},"categories":[6,2],"tags":[],"class_list":["post-9797","post","type-post","status-publish","format-standard","has-post-thumbnail","","category-a-la-une","category-actus-maroc"],"aioseo_notices":[],"_links":{"self":[{"href":"https:\/\/www.foodmagazine.ma\/index.php?rest_route=\/wp\/v2\/posts\/9797","targetHints":{"allow":["GET"]}}],"collection":[{"href":"https:\/\/www.foodmagazine.ma\/index.php?rest_route=\/wp\/v2\/posts"}],"about":[{"href":"https:\/\/www.foodmagazine.ma\/index.php?rest_route=\/wp\/v2\/types\/post"}],"author":[{"embeddable":true,"href":"https:\/\/www.foodmagazine.ma\/index.php?rest_route=\/wp\/v2\/users\/1"}],"replies":[{"embeddable":true,"href":"https:\/\/www.foodmagazine.ma\/index.php?rest_route=%2Fwp%2Fv2%2Fcomments&post=9797"}],"version-history":[{"count":16,"href":"https:\/\/www.foodmagazine.ma\/index.php?rest_route=\/wp\/v2\/posts\/9797\/revisions"}],"predecessor-version":[{"id":9828,"href":"https:\/\/www.foodmagazine.ma\/index.php?rest_route=\/wp\/v2\/posts\/9797\/revisions\/9828"}],"wp:featuredmedia":[{"embeddable":true,"href":"https:\/\/www.foodmagazine.ma\/index.php?rest_route=\/wp\/v2\/media\/9798"}],"wp:attachment":[{"href":"https:\/\/www.foodmagazine.ma\/index.php?rest_route=%2Fwp%2Fv2%2Fmedia&parent=9797"}],"wp:term":[{"taxonomy":"category","embeddable":true,"href":"https:\/\/www.foodmagazine.ma\/index.php?rest_route=%2Fwp%2Fv2%2Fcategories&post=9797"},{"taxonomy":"post_tag","embeddable":true,"href":"https:\/\/www.foodmagazine.ma\/index.php?rest_route=%2Fwp%2Fv2%2Ftags&post=9797"}],"curies":[{"name":"wp","href":"https:\/\/api.w.org\/{rel}","templated":true}]}}