{"id":9831,"date":"2024-10-31T13:45:31","date_gmt":"2024-10-31T12:45:31","guid":{"rendered":"https:\/\/www.foodmagazine.ma\/?p=9831"},"modified":"2024-11-01T10:35:07","modified_gmt":"2024-11-01T09:35:07","slug":"sidattes-2024-les-oasis-marocaines-bastions-de-la-resilience","status":"publish","type":"post","link":"https:\/\/www.foodmagazine.ma\/?p=9831","title":{"rendered":"SIDATTES 2024 : les oasis marocaines, bastions de la r\u00e9silience"},"content":{"rendered":"\n<figure class=\"wp-block-image size-full\"><img loading=\"lazy\" decoding=\"async\" width=\"1000\" height=\"667\" src=\"https:\/\/www.foodmagazine.ma\/wp-content\/uploads\/2024\/10\/Photo-1.jpg\" alt=\"\" class=\"wp-image-9832\" srcset=\"https:\/\/www.foodmagazine.ma\/wp-content\/uploads\/2024\/10\/Photo-1.jpg 1000w, https:\/\/www.foodmagazine.ma\/wp-content\/uploads\/2024\/10\/Photo-1-300x200.jpg 300w, https:\/\/www.foodmagazine.ma\/wp-content\/uploads\/2024\/10\/Photo-1-768x512.jpg 768w\" sizes=\"auto, (max-width: 1000px) 100vw, 1000px\" \/><\/figure>\n\n\n\n<p><\/p>\n\n\n\n<p>Sous le th\u00e8me \u00ab Les oasis marocaines : pour des syst\u00e8mes r\u00e9silients aux changements climatiques \u00bb, la 13<sup>\u00e8me<\/sup>&nbsp;\u00e9dition du Salon International des Dattes au Maroc (SIDATTES) s\u2019est ouverte \u00e0 Erfoud le 30 octobre 2024. Ce rendez-vous, plac\u00e9 sous le Haut Patronage de Sa Majest\u00e9 Le Roi Mohammed VI, r\u00e9unit pr\u00e8s de 230 exposants sur une surface de 40 000 m\u00b2 et attire plus de 90 000 visiteurs. Ce salon met en lumi\u00e8re les d\u00e9fis des \u00e9cosyst\u00e8mes oasiens et les efforts pour pr\u00e9server cette fili\u00e8re face au changement climatique.<\/p>\n\n\n\n<figure class=\"wp-block-image size-full\"><img loading=\"lazy\" decoding=\"async\" width=\"1000\" height=\"667\" src=\"https:\/\/www.foodmagazine.ma\/wp-content\/uploads\/2024\/10\/Photo-4.jpg\" alt=\"\" class=\"wp-image-9833\" srcset=\"https:\/\/www.foodmagazine.ma\/wp-content\/uploads\/2024\/10\/Photo-4.jpg 1000w, https:\/\/www.foodmagazine.ma\/wp-content\/uploads\/2024\/10\/Photo-4-300x200.jpg 300w, https:\/\/www.foodmagazine.ma\/wp-content\/uploads\/2024\/10\/Photo-4-768x512.jpg 768w\" sizes=\"auto, (max-width: 1000px) 100vw, 1000px\" \/><\/figure>\n\n\n\n<p><\/p>\n\n\n\n<p>Lors de la c\u00e9r\u00e9monie d\u2019ouverture, le ministre de l&#8217;Agriculture, M. Ahmed El Bouari, a rappel\u00e9 le r\u00f4le central du palmier dattier dans le d\u00e9veloppement \u00e9conomique des zones oasiennes. Le contrat-programme 2021-2030, dot\u00e9 de 7,5 milliards de dirhams, pr\u00e9voit notamment la plantation de cinq millions de palmiers dattiers pour soutenir l&#8217;entrepreneuriat, am\u00e9liorer les taux de conditionnement et de transformation, et dynamiser les circuits de distribution et d&#8217;exportation. Ce programme vise \u00e9galement \u00e0 former les jeunes et soutenir les coop\u00e9ratives locales.<\/p>\n\n\n\n<figure class=\"wp-block-image size-full\"><img loading=\"lazy\" decoding=\"async\" width=\"1000\" height=\"563\" src=\"https:\/\/www.foodmagazine.ma\/wp-content\/uploads\/2024\/10\/Photos-3.jpg\" alt=\"\" class=\"wp-image-9834\" srcset=\"https:\/\/www.foodmagazine.ma\/wp-content\/uploads\/2024\/10\/Photos-3.jpg 1000w, https:\/\/www.foodmagazine.ma\/wp-content\/uploads\/2024\/10\/Photos-3-300x169.jpg 300w, https:\/\/www.foodmagazine.ma\/wp-content\/uploads\/2024\/10\/Photos-3-768x432.jpg 768w\" sizes=\"auto, (max-width: 1000px) 100vw, 1000px\" \/><\/figure>\n\n\n\n<p><\/p>\n\n\n\n<p>Parmi les initiatives annonc\u00e9es, le ministre a supervis\u00e9 la signature de cinq conventions entre la F\u00e9d\u00e9ration \u00ab Maroc Dattes \u00bb et l\u2019ONCA pour l\u2019encadrement des agriculteurs, ainsi qu&#8217;une autre entre le Cr\u00e9dit Agricole CAM et l\u2019Association des Producteurs Modernes des dattes pour le financement des producteurs.<\/p>\n\n\n\n<p>En marge du salon, plusieurs projets ambitieux ont \u00e9t\u00e9 visit\u00e9s, dont le transfert des eaux de crue de l\u2019oued Gheriss vers le Ziz, un chantier \u00e0 11 millions de dirhams couvrant 1 200 hectares pour 6 770 b\u00e9n\u00e9ficiaires. Ce projet am\u00e9liorera l\u2019alimentation des nappes phr\u00e9atiques et cr\u00e9era 364 000 journ\u00e9es de travail. Un autre projet vise la r\u00e9duction de la d\u00e9pendance \u00e9nerg\u00e9tique avec la cr\u00e9ation de stations de pompage solaire pour irriguer 1 000 hectares, b\u00e9n\u00e9ficiant \u00e0 84 associations et 2 670 agriculteurs, avec la cr\u00e9ation de 15 000 journ\u00e9es de travail.<\/p>\n\n\n\n<p>Un programme de r\u00e9habilitation des oasis inclut l\u2019am\u00e9nagement de pistes et l\u2019installation de bouches d&#8217;incendie et de miradors. Ce projet, en partenariat avec plusieurs acteurs, vise \u00e0 am\u00e9liorer la s\u00e9curit\u00e9 et les conditions de vie locales.<\/p>\n\n\n\n<p>Enfin, un budget de 58 millions de dirhams a \u00e9t\u00e9 allou\u00e9 pour la r\u00e9paration des d\u00e9g\u00e2ts caus\u00e9s par les crues de septembre, affectant 8 000 hectares et plus de 10 000 agriculteurs.<\/p>\n\n\n\n<figure class=\"wp-block-embed is-type-video is-provider-vimeo wp-block-embed-vimeo wp-embed-aspect-16-9 wp-has-aspect-ratio\"><div class=\"wp-block-embed__wrapper\">\n<iframe loading=\"lazy\" title=\"SIDATTES 2024\" src=\"https:\/\/player.vimeo.com\/video\/1025383772?dnt=1&amp;app_id=122963\" width=\"618\" height=\"348\" frameborder=\"0\" allow=\"autoplay; fullscreen; picture-in-picture; clipboard-write\"><\/iframe>\n<\/div><figcaption class=\"wp-element-caption\"><em>Le ministre de l&#8217;Agriculture, de la P\u00eache Maritime, du D\u00e9veloppement Rural et des Eaux et For\u00eats, M. Ahmed El Bouari<\/em><\/figcaption><\/figure>\n","protected":false},"excerpt":{"rendered":"<p>Sous le th\u00e8me \u00ab Les oasis marocaines : pour des syst\u00e8mes r\u00e9silients aux changements climatiques \u00bb, la 13\u00e8me&nbsp;\u00e9dition du Salon International des Dattes au Maroc (SIDATTES) s\u2019est ouverte \u00e0 Erfoud le 30 octobre 2024. Ce rendez-vous, plac\u00e9 sous le Haut Patronage de Sa Majest\u00e9 Le Roi Mohammed VI, r\u00e9unit pr\u00e8s de 230 exposants sur une &hellip;<\/p>\n","protected":false},"author":1,"featured_media":9832,"comment_status":"open","ping_status":"closed","sticky":false,"template":"","format":"standard","meta":{"footnotes":""},"categories":[6,2],"tags":[],"class_list":["post-9831","post","type-post","status-publish","format-standard","has-post-thumbnail","","category-a-la-une","category-actus-maroc"],"aioseo_notices":[],"_links":{"self":[{"href":"https:\/\/www.foodmagazine.ma\/index.php?rest_route=\/wp\/v2\/posts\/9831","targetHints":{"allow":["GET"]}}],"collection":[{"href":"https:\/\/www.foodmagazine.ma\/index.php?rest_route=\/wp\/v2\/posts"}],"about":[{"href":"https:\/\/www.foodmagazine.ma\/index.php?rest_route=\/wp\/v2\/types\/post"}],"author":[{"embeddable":true,"href":"https:\/\/www.foodmagazine.ma\/index.php?rest_route=\/wp\/v2\/users\/1"}],"replies":[{"embeddable":true,"href":"https:\/\/www.foodmagazine.ma\/index.php?rest_route=%2Fwp%2Fv2%2Fcomments&post=9831"}],"version-history":[{"count":4,"href":"https:\/\/www.foodmagazine.ma\/index.php?rest_route=\/wp\/v2\/posts\/9831\/revisions"}],"predecessor-version":[{"id":9839,"href":"https:\/\/www.foodmagazine.ma\/index.php?rest_route=\/wp\/v2\/posts\/9831\/revisions\/9839"}],"wp:featuredmedia":[{"embeddable":true,"href":"https:\/\/www.foodmagazine.ma\/index.php?rest_route=\/wp\/v2\/media\/9832"}],"wp:attachment":[{"href":"https:\/\/www.foodmagazine.ma\/index.php?rest_route=%2Fwp%2Fv2%2Fmedia&parent=9831"}],"wp:term":[{"taxonomy":"category","embeddable":true,"href":"https:\/\/www.foodmagazine.ma\/index.php?rest_route=%2Fwp%2Fv2%2Fcategories&post=9831"},{"taxonomy":"post_tag","embeddable":true,"href":"https:\/\/www.foodmagazine.ma\/index.php?rest_route=%2Fwp%2Fv2%2Ftags&post=9831"}],"curies":[{"name":"wp","href":"https:\/\/api.w.org\/{rel}","templated":true}]}}