{"id":9922,"date":"2024-11-12T13:19:47","date_gmt":"2024-11-12T12:19:47","guid":{"rendered":"https:\/\/www.foodmagazine.ma\/?p=9922"},"modified":"2024-11-12T14:06:42","modified_gmt":"2024-11-12T13:06:42","slug":"le-maroc-prime-pour-sa-gestion-durable-des-peches-en-mediterranee","status":"publish","type":"post","link":"https:\/\/www.foodmagazine.ma\/?p=9922","title":{"rendered":"Le Maroc prim\u00e9 pour sa gestion durable des p\u00eaches en M\u00e9diterran\u00e9e"},"content":{"rendered":"\n<figure class=\"wp-block-image size-full\"><img loading=\"lazy\" decoding=\"async\" width=\"1000\" height=\"667\" src=\"https:\/\/www.foodmagazine.ma\/wp-content\/uploads\/2024\/11\/ITA_20241107_47th-GFCM-Session\u00a9\ufe0fFAO-GFCM_Claudia_Amico_01-00641.jpg\" alt=\"\" class=\"wp-image-9923\" srcset=\"https:\/\/www.foodmagazine.ma\/wp-content\/uploads\/2024\/11\/ITA_20241107_47th-GFCM-Session\u00a9\ufe0fFAO-GFCM_Claudia_Amico_01-00641.jpg 1000w, https:\/\/www.foodmagazine.ma\/wp-content\/uploads\/2024\/11\/ITA_20241107_47th-GFCM-Session\u00a9\ufe0fFAO-GFCM_Claudia_Amico_01-00641-300x200.jpg 300w, https:\/\/www.foodmagazine.ma\/wp-content\/uploads\/2024\/11\/ITA_20241107_47th-GFCM-Session\u00a9\ufe0fFAO-GFCM_Claudia_Amico_01-00641-768x512.jpg 768w\" sizes=\"auto, (max-width: 1000px) 100vw, 1000px\" \/><figcaption class=\"wp-element-caption\"><em>\u00a9FAO-GFCM<\/em><\/figcaption><\/figure>\n\n\n\n<p>Le Maroc a re\u00e7u, lors de la 47<sup>\u00e8me<\/sup>&nbsp;session de la Commission G\u00e9n\u00e9rale des P\u00eaches pour la M\u00e9diterran\u00e9e (CGPM) tenue du 4 au 8 novembre au si\u00e8ge de la FAO \u00e0 Rome, le prix de conformit\u00e9 pour son engagement en mati\u00e8re de gestion durable des p\u00eaches et de lutte contre la p\u00eache ill\u00e9gale.<\/p>\n\n\n\n<p>Cette session a marqu\u00e9 une \u00e9tape d\u00e9cisive pour la durabilit\u00e9 des p\u00eaches et de l&#8217;aquaculture,\u00a0r\u00e9unissant 20 pays et l&#8217;union europ\u00e9enne. Ensemble, ils ont adopt\u00e9 17 d\u00e9cisions essentielles, dont 12 recommandations contraignantes visant \u00e0 renforcer la gestion et la conservation des ressources marines dans la r\u00e9gion m\u00e9diterran\u00e9enne.<\/p>\n\n\n\n<p>Miguel Bernal, secr\u00e9taire ex\u00e9cutif de la CGPM, a d\u00e9clar\u00e9&nbsp;: \u00ab&nbsp;<em>Cette session annuelle a \u00e9t\u00e9 la conclusion d\u2019une ann\u00e9e de travail intense et collaboratif et a d\u00e9montr\u00e9 l\u2019engagement continu des membres de la CGPM \u00e0 relever les d\u00e9fis de plus en plus nombreux auxquels se heurte le secteur de la p\u00eache et de l\u2019aquaculture dans notre r\u00e9gion<\/em>. \u00bb<\/p>\n\n\n\n<p>Mohammed Malouli Idrissi, directeur du centre de Tanger de l\u2019Institut National de Recherche Halieutique (INRH) au Maroc et pr\u00e9sident du comit\u00e9 scientifique consultatif des p\u00eaches de la CGPM, a pr\u00e9cis\u00e9 : \u00ab&nbsp;<em>Les d\u00e9cisions que nous avons adopt\u00e9es collectivement cette semaine engagent encore davantage ce secteur sur la voie de la durabilit\u00e9<\/em>&nbsp;\u00bb.<\/p>\n\n\n\n<p>Plusieurs mesures ont \u00e9t\u00e9 mises en place pour assurer la durabilit\u00e9 des p\u00eaches. En mer Adriatique, des r\u00e8gles de contr\u00f4le des captures et des limites annuelles pour la sardine et l\u2019anchois ont \u00e9t\u00e9 mises en place, favorisant une gestion plus durable. En mer Noire, la limite de capture du turbot a \u00e9t\u00e9 augment\u00e9e apr\u00e8s une forte am\u00e9lioration de ses stocks, afin de soutenir sa durabilit\u00e9 et lutter contre la p\u00eache ill\u00e9gale. Une nouvelle zone de p\u00eache r\u00e9glement\u00e9e a \u00e9t\u00e9 instaur\u00e9e dans le canal d\u2019Otrante pour prot\u00e9ger les \u00e9cosyst\u00e8mes vuln\u00e9rables, tandis que l\u2019aquaculture a b\u00e9n\u00e9fici\u00e9 d\u2019un r\u00e9seau de surveillance des maladies li\u00e9es au changement climatique. Des principes d\u2019investissement responsable ont \u00e9t\u00e9 mis en place pour attirer les investisseurs. En outre, la lutte contre la p\u00eache illicite a \u00e9t\u00e9 renforc\u00e9e, avec des progr\u00e8s notables en conformit\u00e9, notamment en Albanie, Alg\u00e9rie, \u00c9gypte, Maroc, Mont\u00e9n\u00e9gro et T\u00fcrkiye.<\/p>\n\n\n\n<p>Enfin, Fouad Guenatri, vice-pr\u00e9sident de la CGPM a exprim\u00e9 sa confiance en l\u2019avenir :&nbsp;<em>\u00ab Nous pouvons relever ensemble les d\u00e9fis \u00e0 venir. Je tiens \u00e0 f\u00e9liciter ceux qui contribuent \u00e0 nos efforts, les experts, administrateurs, p\u00eacheurs et aquaculteurs, qui sont les v\u00e9ritables b\u00e9n\u00e9ficiaires de nos d\u00e9cisions<\/em>. \u00bb<\/p>\n","protected":false},"excerpt":{"rendered":"<p>\u00a9FAO-GFCM Le Maroc a re\u00e7u, lors de la 47\u00e8me&nbsp;session de la Commission G\u00e9n\u00e9rale des P\u00eaches pour la M\u00e9diterran\u00e9e (CGPM) tenue du 4 au 8 novembre au si\u00e8ge de la FAO \u00e0 Rome, le prix de conformit\u00e9 pour son engagement en mati\u00e8re de gestion durable des p\u00eaches et de lutte contre la p\u00eache ill\u00e9gale. Cette session &hellip;<\/p>\n","protected":false},"author":1,"featured_media":9923,"comment_status":"open","ping_status":"closed","sticky":false,"template":"","format":"standard","meta":{"footnotes":""},"categories":[6,2],"tags":[],"class_list":["post-9922","post","type-post","status-publish","format-standard","has-post-thumbnail","","category-a-la-une","category-actus-maroc"],"aioseo_notices":[],"_links":{"self":[{"href":"https:\/\/www.foodmagazine.ma\/index.php?rest_route=\/wp\/v2\/posts\/9922","targetHints":{"allow":["GET"]}}],"collection":[{"href":"https:\/\/www.foodmagazine.ma\/index.php?rest_route=\/wp\/v2\/posts"}],"about":[{"href":"https:\/\/www.foodmagazine.ma\/index.php?rest_route=\/wp\/v2\/types\/post"}],"author":[{"embeddable":true,"href":"https:\/\/www.foodmagazine.ma\/index.php?rest_route=\/wp\/v2\/users\/1"}],"replies":[{"embeddable":true,"href":"https:\/\/www.foodmagazine.ma\/index.php?rest_route=%2Fwp%2Fv2%2Fcomments&post=9922"}],"version-history":[{"count":2,"href":"https:\/\/www.foodmagazine.ma\/index.php?rest_route=\/wp\/v2\/posts\/9922\/revisions"}],"predecessor-version":[{"id":9925,"href":"https:\/\/www.foodmagazine.ma\/index.php?rest_route=\/wp\/v2\/posts\/9922\/revisions\/9925"}],"wp:featuredmedia":[{"embeddable":true,"href":"https:\/\/www.foodmagazine.ma\/index.php?rest_route=\/wp\/v2\/media\/9923"}],"wp:attachment":[{"href":"https:\/\/www.foodmagazine.ma\/index.php?rest_route=%2Fwp%2Fv2%2Fmedia&parent=9922"}],"wp:term":[{"taxonomy":"category","embeddable":true,"href":"https:\/\/www.foodmagazine.ma\/index.php?rest_route=%2Fwp%2Fv2%2Fcategories&post=9922"},{"taxonomy":"post_tag","embeddable":true,"href":"https:\/\/www.foodmagazine.ma\/index.php?rest_route=%2Fwp%2Fv2%2Ftags&post=9922"}],"curies":[{"name":"wp","href":"https:\/\/api.w.org\/{rel}","templated":true}]}}