{"id":9982,"date":"2024-11-26T13:52:23","date_gmt":"2024-11-26T12:52:23","guid":{"rendered":"https:\/\/www.foodmagazine.ma\/?p=9982"},"modified":"2024-11-26T17:35:01","modified_gmt":"2024-11-26T16:35:01","slug":"lam3d-nouveau-membre-du-bureau-executif-de-la-global-pest-management-coalition","status":"publish","type":"post","link":"https:\/\/www.foodmagazine.ma\/?p=9982","title":{"rendered":"L&#8217;AM3D : nouveau membre du bureau ex\u00e9cutif de la Global Pest Management Coalition"},"content":{"rendered":"\n<figure class=\"wp-block-image size-full\"><img loading=\"lazy\" decoding=\"async\" width=\"1000\" height=\"709\" src=\"https:\/\/www.foodmagazine.ma\/wp-content\/uploads\/2024\/11\/WhatsApp-Image-2024-11-26-at-17.07.30.jpg\" alt=\"\" class=\"wp-image-10010\" srcset=\"https:\/\/www.foodmagazine.ma\/wp-content\/uploads\/2024\/11\/WhatsApp-Image-2024-11-26-at-17.07.30.jpg 1000w, https:\/\/www.foodmagazine.ma\/wp-content\/uploads\/2024\/11\/WhatsApp-Image-2024-11-26-at-17.07.30-300x213.jpg 300w, https:\/\/www.foodmagazine.ma\/wp-content\/uploads\/2024\/11\/WhatsApp-Image-2024-11-26-at-17.07.30-768x545.jpg 768w\" sizes=\"auto, (max-width: 1000px) 100vw, 1000px\" \/><\/figure>\n\n\n\n<p>L\u2019Association Marocaine des Professionnels 3D (AM3D) a annonc\u00e9 son int\u00e9gration au sein du bureau ex\u00e9cutif de la Global Pest Management Coalition, organisation internationale de r\u00e9f\u00e9rence dans le domaine du contr\u00f4le des nuisibles et des vecteurs de maladies.&nbsp;<\/p>\n\n\n\n<p>Cette nomination marque une \u00e9tape d\u00e9cisive pour les acteurs du secteur au Maroc et en Afrique, et permettra \u00e0 l&#8217;AM3D de repr\u00e9senter plus activement les professionnels aupr\u00e8s des instances internationales. L\u2019association pourra ainsi&nbsp;&nbsp;promouvoir un secteur plus structur\u00e9 et responsable, et renforcer les liens de coop\u00e9ration en faveur de la sant\u00e9 publique et de l\u2019environnement.&nbsp;&nbsp;<\/p>\n\n\n\n<p>Ce succ\u00e8s refl\u00e8te le leadership visionnaire de M. Abdelkrim Al Ghorfi, pr\u00e9sident de l&#8217;AM3D, dont la strat\u00e9gie a permis \u00e0 l\u2019association de se distinguer sur la sc\u00e8ne internationale. L\u2019AM3D a \u00e9galement exprim\u00e9 sa gratitude envers ses membres, ses partenaires et la d\u00e9l\u00e9gation pr\u00e9sente \u00e0 Denver lors de la nomination officielle, le 25 octobre dernier. Ces efforts collectifs contribuent au rayonnement du secteur du Pest Management au Maroc et en Afrique.<\/p>\n\n\n\n<p>Lors de l&#8217;assembl\u00e9e g\u00e9n\u00e9rale de la Global Pest Management Coalition \u00e0 Denver, l&#8217;AM3D a exprim\u00e9 sa fiert\u00e9 de rejoindre ce mouvement mondial. L&#8217;association a soulign\u00e9 l&#8217;importance de la gestion des nuisibles pour la sant\u00e9 publique, notamment face aux d\u00e9fis climatiques, et a plaid\u00e9 pour une gestion int\u00e9gr\u00e9e et responsable des nuisibles. L&#8217;AM3D a \u00e9galement pr\u00e9sent\u00e9 ses initiatives au Maroc, notamment la cr\u00e9ation d&#8217;un cadre r\u00e9glementaire et sa coop\u00e9ration avec le S\u00e9n\u00e9gal et a remerci\u00e9 les membres pour leur soutien dans la nomination de son pr\u00e9sident au conseil d&#8217;administration pour le mandat 2025-2027.<\/p>\n","protected":false},"excerpt":{"rendered":"<p>L\u2019Association Marocaine des Professionnels 3D (AM3D) a annonc\u00e9 son int\u00e9gration au sein du bureau ex\u00e9cutif de la Global Pest Management Coalition, organisation internationale de r\u00e9f\u00e9rence dans le domaine du contr\u00f4le des nuisibles et des vecteurs de maladies.&nbsp; Cette nomination marque une \u00e9tape d\u00e9cisive pour les acteurs du secteur au Maroc et en Afrique, et permettra &hellip;<\/p>\n","protected":false},"author":1,"featured_media":10010,"comment_status":"open","ping_status":"closed","sticky":false,"template":"","format":"standard","meta":{"footnotes":""},"categories":[6,2],"tags":[],"class_list":["post-9982","post","type-post","status-publish","format-standard","has-post-thumbnail","","category-a-la-une","category-actus-maroc"],"aioseo_notices":[],"_links":{"self":[{"href":"https:\/\/www.foodmagazine.ma\/index.php?rest_route=\/wp\/v2\/posts\/9982","targetHints":{"allow":["GET"]}}],"collection":[{"href":"https:\/\/www.foodmagazine.ma\/index.php?rest_route=\/wp\/v2\/posts"}],"about":[{"href":"https:\/\/www.foodmagazine.ma\/index.php?rest_route=\/wp\/v2\/types\/post"}],"author":[{"embeddable":true,"href":"https:\/\/www.foodmagazine.ma\/index.php?rest_route=\/wp\/v2\/users\/1"}],"replies":[{"embeddable":true,"href":"https:\/\/www.foodmagazine.ma\/index.php?rest_route=%2Fwp%2Fv2%2Fcomments&post=9982"}],"version-history":[{"count":2,"href":"https:\/\/www.foodmagazine.ma\/index.php?rest_route=\/wp\/v2\/posts\/9982\/revisions"}],"predecessor-version":[{"id":10011,"href":"https:\/\/www.foodmagazine.ma\/index.php?rest_route=\/wp\/v2\/posts\/9982\/revisions\/10011"}],"wp:featuredmedia":[{"embeddable":true,"href":"https:\/\/www.foodmagazine.ma\/index.php?rest_route=\/wp\/v2\/media\/10010"}],"wp:attachment":[{"href":"https:\/\/www.foodmagazine.ma\/index.php?rest_route=%2Fwp%2Fv2%2Fmedia&parent=9982"}],"wp:term":[{"taxonomy":"category","embeddable":true,"href":"https:\/\/www.foodmagazine.ma\/index.php?rest_route=%2Fwp%2Fv2%2Fcategories&post=9982"},{"taxonomy":"post_tag","embeddable":true,"href":"https:\/\/www.foodmagazine.ma\/index.php?rest_route=%2Fwp%2Fv2%2Ftags&post=9982"}],"curies":[{"name":"wp","href":"https:\/\/api.w.org\/{rel}","templated":true}]}}